{"id":1057,"date":"2010-07-03T12:54:56","date_gmt":"2010-07-03T10:54:56","guid":{"rendered":"http:\/\/www.bambalina.es\/blog\/?p=1057"},"modified":"2016-06-28T16:31:03","modified_gmt":"2016-06-28T14:31:03","slug":"zero-responsables","status":"publish","type":"post","link":"https:\/\/bambalina.es\/ca\/ideas-idees\/zero-responsables","title":{"rendered":"ZERO RESPONSABLES"},"content":{"rendered":"<p style=\"text-align: justify;\">Hi ha un projecte en marxa del que estic segur que heu sentit parlar. <strong>Zero Responsables<\/strong>.  I dic a\u00e7\u00f2 perqu\u00e8 hi participen m\u00e9s de quaranta professionals del teatre  valenci\u00e0 de manera totalment desinterasada. O pot ser seria millor dir  interessada perqu\u00e8 tots tenim molt d&#8217;inter\u00e9s en que les v\u00edctimes  de l&#8217;accident de metro ocorregut a Val\u00e8cia el 2006 no desapareguen darrere una cortina  teixida amb oblit i covardia. No podem permetre que les v\u00edctimes i els  seus familiars carreguen, a m\u00e9s de la incomprensible desgracia d&#8217;un accident que els ha  segat la vida, amb la dolorosa ignominia que suposa els menyspreu de les instituci\u00f3ns  p\u00fabliques a la seua demanda irrenunciable de que s&#8217;aclareixen les causes de  l&#8217;accident i es determinen els seus vertaders responsables. La setmana  que ve, els dies 7,8 i 9 de juliol, a les 19h., a la sala Matilde Salvador en la  Universitat Vella de Val\u00e8ncia podreu veure l&#8217;obra-homenatge que entre  tots hem posat en peu. Gr\u00e0cies, en particular, a l&#8217;empenta i l&#8217;inesgotable energia  de Xavi Puchades.<\/p>\n<p style=\"text-align: center;\"><a href=\"https:\/\/bambalina.es\/\/wp-content\/uploads\/2010\/07\/37309_1420191077283_1607854395_31044135_572220_n.jpg\"><img loading=\"lazy\" decoding=\"async\" class=\"size-full wp-image-1058    aligncenter\" title=\"37309_1420191077283_1607854395_31044135_572220_n\" src=\"https:\/\/bambalina.es\/\/wp-content\/uploads\/2010\/07\/37309_1420191077283_1607854395_31044135_572220_n.jpg\" alt=\"\" width=\"411\" height=\"596\" \/><\/a><\/p>\n","protected":false},"excerpt":{"rendered":"<p>Hi ha un projecte en marxa del que estic segur que heu sentit parlar. Zero Responsables. I dic a\u00e7\u00f2 perqu\u00e8 &#8230; <\/p>\n<p class=\"read-more-container\"><a title=\"ZERO RESPONSABLES\" class=\"read-more button\" href=\"https:\/\/bambalina.es\/ca\/ideas-idees\/zero-responsables#more-1057\" aria-label=\"M\u00e9s informaci\u00f3 sobre ZERO RESPONSABLES\">Read more<\/a><\/p>\n","protected":false},"author":2,"featured_media":0,"comment_status":"open","ping_status":"open","sticky":false,"template":"","format":"standard","meta":{"_acf_changed":false,"footnotes":""},"categories":[10],"tags":[],"class_list":["post-1057","post","type-post","status-publish","format-standard","hentry","category-ideas-idees","infinite-scroll-item","generate-columns","tablet-grid-50","mobile-grid-100","grid-parent","grid-50"],"acf":[],"_links":{"self":[{"href":"https:\/\/bambalina.es\/ca\/wp-json\/wp\/v2\/posts\/1057","targetHints":{"allow":["GET"]}}],"collection":[{"href":"https:\/\/bambalina.es\/ca\/wp-json\/wp\/v2\/posts"}],"about":[{"href":"https:\/\/bambalina.es\/ca\/wp-json\/wp\/v2\/types\/post"}],"author":[{"embeddable":true,"href":"https:\/\/bambalina.es\/ca\/wp-json\/wp\/v2\/users\/2"}],"replies":[{"embeddable":true,"href":"https:\/\/bambalina.es\/ca\/wp-json\/wp\/v2\/comments?post=1057"}],"version-history":[{"count":0,"href":"https:\/\/bambalina.es\/ca\/wp-json\/wp\/v2\/posts\/1057\/revisions"}],"wp:attachment":[{"href":"https:\/\/bambalina.es\/ca\/wp-json\/wp\/v2\/media?parent=1057"}],"wp:term":[{"taxonomy":"category","embeddable":true,"href":"https:\/\/bambalina.es\/ca\/wp-json\/wp\/v2\/categories?post=1057"},{"taxonomy":"post_tag","embeddable":true,"href":"https:\/\/bambalina.es\/ca\/wp-json\/wp\/v2\/tags?post=1057"}],"curies":[{"name":"wp","href":"https:\/\/api.w.org\/{rel}","templated":true}]}}