{"id":1069,"date":"2010-09-06T18:10:24","date_gmt":"2010-09-06T16:10:24","guid":{"rendered":"http:\/\/www.bambalina.es\/blog\/?p=1069"},"modified":"2016-06-28T16:31:06","modified_gmt":"2016-06-28T14:31:06","slug":"dios-aprieta","status":"publish","type":"post","link":"https:\/\/bambalina.es\/ca\/la-compania-la-companyia\/dios-aprieta","title":{"rendered":"Dios aprieta&#8230;"},"content":{"rendered":"<p style=\"text-align: justify;\">Ja s&#8217;ha acabat les vacances, quina pena m\u00e9s gran! No \u00e9s que no ens agrade esta feina nostra per\u00f2 els darrers temps tot resulta tan dif\u00edcil que desconnectar del treball \u00e9s el mateix que desconnectar dels problemes i no t&#8217;en acabes d&#8217;adonar fins que tens l&#8217;ocasi\u00f3 real de buidar el teu cap de tot all\u00f2 que te a veure amb teatre&#8230; Quin descans! Per\u00f2 ja s&#8217;acabat. De tornada a la realitat. Este mes tenim molt d&#8217;embolic de funcions com podeu veure al calendari, encara com! Tot l&#8217;any despotricant de l&#8217;estat agonitzant d&#8217;eixa cosa anomenada teatre valenci\u00e0 i mira tu per on tenim un mes de setembre com els d&#8217;abans; amb bolos i viatges&#8230; (dios aprieta pero no t&#8217;extermina) fins i tot a la Xina, flipeu! Espere que el quartet de CARMEN que viatja a Pekin faja cr\u00f2nica de l&#8217;experi\u00e8ncia, de moment ja hem passat la censura (\u00c0ngeles ha hagut de traduir fins i tot les lletres de les can\u00e7ons a l&#8217;angl\u00e8s) i sembla ser que els atributs exhibits per certa actriu tampoc han ferit la sensibilitat dels censors&#8230; Tots estem emocionats i encuriosits, a veure que passa a l&#8217;orient. Penge una foto del Cant\u00e0bric com a postal recordatori d&#8217;uns dies que fan pal\u00e8s que tamb\u00e9 es pot ser feli\u00e7 sense teatre&#8230; encara que siga nom\u00e9s unes setmanetes.<\/p>\n<p><a href=\"https:\/\/bambalina.es\/\/wp-content\/uploads\/2010\/09\/Cant\u00e0bric.jpg\"><img loading=\"lazy\" decoding=\"async\" class=\"aligncenter size-full wp-image-1068\" title=\"Cant\u00e0bric\" src=\"https:\/\/bambalina.es\/\/wp-content\/uploads\/2010\/09\/Cant\u00e0bric.jpg\" alt=\"\" width=\"640\" height=\"480\" \/><\/a><\/p>\n","protected":false},"excerpt":{"rendered":"<p>Ja s&#8217;ha acabat les vacances, quina pena m\u00e9s gran! No \u00e9s que no ens agrade esta feina nostra per\u00f2 els &#8230; <\/p>\n<p class=\"read-more-container\"><a title=\"Dios aprieta&#8230;\" class=\"read-more button\" href=\"https:\/\/bambalina.es\/ca\/la-compania-la-companyia\/dios-aprieta#more-1069\" aria-label=\"M\u00e9s informaci\u00f3 sobre Dios aprieta&#8230;\">Read more<\/a><\/p>\n","protected":false},"author":2,"featured_media":0,"comment_status":"open","ping_status":"open","sticky":false,"template":"","format":"standard","meta":{"_acf_changed":false,"footnotes":""},"categories":[8],"tags":[],"class_list":["post-1069","post","type-post","status-publish","format-standard","hentry","category-la-compania-la-companyia","infinite-scroll-item","generate-columns","tablet-grid-50","mobile-grid-100","grid-parent","grid-50"],"acf":[],"_links":{"self":[{"href":"https:\/\/bambalina.es\/ca\/wp-json\/wp\/v2\/posts\/1069","targetHints":{"allow":["GET"]}}],"collection":[{"href":"https:\/\/bambalina.es\/ca\/wp-json\/wp\/v2\/posts"}],"about":[{"href":"https:\/\/bambalina.es\/ca\/wp-json\/wp\/v2\/types\/post"}],"author":[{"embeddable":true,"href":"https:\/\/bambalina.es\/ca\/wp-json\/wp\/v2\/users\/2"}],"replies":[{"embeddable":true,"href":"https:\/\/bambalina.es\/ca\/wp-json\/wp\/v2\/comments?post=1069"}],"version-history":[{"count":0,"href":"https:\/\/bambalina.es\/ca\/wp-json\/wp\/v2\/posts\/1069\/revisions"}],"wp:attachment":[{"href":"https:\/\/bambalina.es\/ca\/wp-json\/wp\/v2\/media?parent=1069"}],"wp:term":[{"taxonomy":"category","embeddable":true,"href":"https:\/\/bambalina.es\/ca\/wp-json\/wp\/v2\/categories?post=1069"},{"taxonomy":"post_tag","embeddable":true,"href":"https:\/\/bambalina.es\/ca\/wp-json\/wp\/v2\/tags?post=1069"}],"curies":[{"name":"wp","href":"https:\/\/api.w.org\/{rel}","templated":true}]}}