{"id":1267,"date":"2010-11-19T12:11:51","date_gmt":"2010-11-19T10:11:51","guid":{"rendered":"http:\/\/www.bambalina.es\/blog\/?p=1267"},"modified":"2016-06-28T16:31:32","modified_gmt":"2016-06-28T14:31:32","slug":"sergi-lopez-jorge-pico-non-solum","status":"publish","type":"post","link":"https:\/\/bambalina.es\/ca\/amigos-amics\/sergi-lopez-jorge-pico-non-solum","title":{"rendered":"SERGI L\u00d3PEZ + JORGE PIC\u00d3 \u201cNON SOLUM\u201d"},"content":{"rendered":"<p style=\"text-align: center;\"><a href=\"https:\/\/bambalina.es\/\/wp-content\/uploads\/2010\/11\/non-solum-al-tnc.jpg\"><img loading=\"lazy\" decoding=\"async\" class=\"size-full wp-image-1268  aligncenter\" title=\"non-solum-al-tnc\" src=\"https:\/\/bambalina.es\/\/wp-content\/uploads\/2010\/11\/non-solum-al-tnc.jpg\" alt=\"\" width=\"305\" height=\"402\" \/><\/a><\/p>\n<p style=\"text-align: justify;\">L&#8217;actor de Vilanova i la Geltr\u00fa, Sergi L\u00f3pez va estar fa uns dies al  teatre El Musical del Cabanyal representant el seu mon\u00f2leg Non Solum. Al pati de butaques n&#8217;\u00e9rem  molta gent de teatre i, pel que m&#8217;han contat, els quatre dies de  representaci\u00f3 el pati de butaques va estar absolutament ple. Quin goig,  veure l&#8217;audit\u00f2ri tan animat i eixa inconfusible predisposici\u00f3 dels espectadors davant una experi\u00e8ncia que preveuen extraordin\u00e0ria. Crec que Mesieur L\u00f3pez no va defraudar ning\u00fa, posse\u00efdor d&#8217;una t\u00e8cnica depurada i d&#8217;una intel\u00b7lig\u00e8ncia esc\u00e8nica gens freq\u00fcent ens va fer un desplegament aclaparador d&#8217;experiencies i suggestions fant\u00e0stiques.  Teatre en estat pur, sustentat quasi exclusivament en la capacitat  d&#8217;evocar, jugar i imaginar d&#8217;un home que arrastra tots els altres&#8230;  centenars; si ho penses b\u00e9, \u00e9s pura m\u00e0gia. Per la cabina estava el  director i co-autor, Jorje  Pico, molt atrafegat i pendent de tot. \u00c9s lamentable que vinga a casa  de visita en compte d&#8217;estar per ac\u00ed contribuint a la construcci\u00f3 del  Teatre Valenci\u00e0. Altre exiliat que afegir a la llista. Reconeixia  algunes de les seues obsessions (mes aina moltes) en la construcci\u00f3 del text: al\u00b7lusions al g\u00e8nere,  la descomposici\u00f3 de les convencions referides al llenguatge, el joc  permanent amb les in\u00e8rcies de la percepci\u00f3, la subversi\u00f3 del temps i de  l&#8217;espai, les referencies a la quarta paret, els detalls pol\u00edtics i  socials&#8230; Moltes coses amb les que m&#8217;identifique i que em feren pensar  que formaven part de les inquietuds generals dels que intentem reinventar-nos el teatre a hores d&#8217;ara, per\u00f2 parlant d&#8217;a\u00e7\u00f2 amb el meu germ\u00e0 em va dir: &#8220;-Es que Jorge  i tu us assembleu m\u00e9s del que et penses&#8221;. Em vaig quedat tot pensar\u00f3s  sense poder concloure res m\u00e9s enll\u00e0 de la meua admiraci\u00f3 cap a Jorge  com autor. Sempre he pensat que \u00e9s el millor de la nova generaci\u00f3  valenciana. Ah! Altra cosa. Quina meravella! Alg\u00fa parlant amb accent  catal\u00e0 a un escenari municipal&#8230; Muir d&#8217;insuportable plaer!!!<\/p>\n<p><a href=\"https:\/\/bambalina.es\/\/wp-content\/uploads\/2010\/11\/sergi-i-jorge-dos.jpg\"><img loading=\"lazy\" decoding=\"async\" class=\"size-full wp-image-1269  aligncenter\" title=\"sergi-i-jorge-dos\" src=\"https:\/\/bambalina.es\/\/wp-content\/uploads\/2010\/11\/sergi-i-jorge-dos.jpg\" alt=\"\" width=\"422\" height=\"280\" \/><\/a><\/p>\n<p style=\"text-align: center;\">\n<p style=\"text-align: center;\"><a href=\"http:\/\/jorgepico.com\/\">JORGE PIC\u00d3 WEB<\/a><\/p>\n","protected":false},"excerpt":{"rendered":"<p>L&#8217;actor de Vilanova i la Geltr\u00fa, Sergi L\u00f3pez va estar fa uns dies al teatre El Musical del Cabanyal representant &#8230; <\/p>\n<p class=\"read-more-container\"><a title=\"SERGI L\u00d3PEZ + JORGE PIC\u00d3 \u201cNON SOLUM\u201d\" class=\"read-more button\" href=\"https:\/\/bambalina.es\/ca\/amigos-amics\/sergi-lopez-jorge-pico-non-solum#more-1267\" aria-label=\"M\u00e9s informaci\u00f3 sobre SERGI L\u00d3PEZ + JORGE PIC\u00d3 \u201cNON SOLUM\u201d\">Read more<\/a><\/p>\n","protected":false},"author":2,"featured_media":0,"comment_status":"open","ping_status":"open","sticky":false,"template":"","format":"standard","meta":{"_acf_changed":false,"footnotes":""},"categories":[12],"tags":[],"class_list":["post-1267","post","type-post","status-publish","format-standard","hentry","category-amigos-amics","infinite-scroll-item","generate-columns","tablet-grid-50","mobile-grid-100","grid-parent","grid-50"],"acf":[],"_links":{"self":[{"href":"https:\/\/bambalina.es\/ca\/wp-json\/wp\/v2\/posts\/1267","targetHints":{"allow":["GET"]}}],"collection":[{"href":"https:\/\/bambalina.es\/ca\/wp-json\/wp\/v2\/posts"}],"about":[{"href":"https:\/\/bambalina.es\/ca\/wp-json\/wp\/v2\/types\/post"}],"author":[{"embeddable":true,"href":"https:\/\/bambalina.es\/ca\/wp-json\/wp\/v2\/users\/2"}],"replies":[{"embeddable":true,"href":"https:\/\/bambalina.es\/ca\/wp-json\/wp\/v2\/comments?post=1267"}],"version-history":[{"count":0,"href":"https:\/\/bambalina.es\/ca\/wp-json\/wp\/v2\/posts\/1267\/revisions"}],"wp:attachment":[{"href":"https:\/\/bambalina.es\/ca\/wp-json\/wp\/v2\/media?parent=1267"}],"wp:term":[{"taxonomy":"category","embeddable":true,"href":"https:\/\/bambalina.es\/ca\/wp-json\/wp\/v2\/categories?post=1267"},{"taxonomy":"post_tag","embeddable":true,"href":"https:\/\/bambalina.es\/ca\/wp-json\/wp\/v2\/tags?post=1267"}],"curies":[{"name":"wp","href":"https:\/\/api.w.org\/{rel}","templated":true}]}}