{"id":1274,"date":"2010-11-21T10:52:23","date_gmt":"2010-11-21T08:52:23","guid":{"rendered":"http:\/\/www.bambalina.es\/blog\/?p=1274"},"modified":"2016-06-28T16:31:29","modified_gmt":"2016-06-28T14:31:29","slug":"ls-circumstancies-de-klara","status":"publish","type":"post","link":"https:\/\/bambalina.es\/ca\/amigos-amics\/ls-circumstancies-de-klara","title":{"rendered":"Les circumst\u00e0ncies de Klara"},"content":{"rendered":"<p style=\"text-align: justify;\">L&#8217;altre dia, -el 3 de novembre exactament- vaig anar a a veure una lectura dramatitzada de l&#8217;obra de Dea Loher &#8220;Les circumst\u00e0ncies de Klara&#8221;.\u00a0 <a href=\"http:\/\/wwww.octubre.cat\/activ_fitxa.php?id_activitat=1283\">A l&#8217;Octubre Centre de Cultura Contempor\u00e0nea.<\/a> Es tracta d&#8217;un text actual que un bon dia va caure a les mans de Jacobo J. Roger i des de aleshores, sembla ser, ha anat afian\u00e7ant la idea de muntar-la. Com aix\u00f2 actualment a Val\u00e8ncia \u00e9s una empresa quasi quasi impossible supose que s&#8217;ha hagut de conformar amb esta lectura, que ens va permetre, a uns quants, -m\u00e9s aines bastants, la sala estava plena- endinsar-nos en l&#8217;univers d&#8217;un perssonatge; la protagonista de l&#8217;obra, bem aventat per les experiencies, angoixes i cavilacions que d&#8217;una manera o altra patim els habitants d&#8217;este nou inici de segle. El muntatge tamb\u00e9 ens va permetre veure un grup d&#8217;actors i actrius efica\u00e7os i intensos entre els quals es trobava el nostre amic David Dur\u00e1n. M&#8217;agraden molt estes lectures, \u00e9s una manera senzilla, molt a l&#8217;abast de qualsevol, que permet ampliar la nostra perspectiva general del que se est\u00e0 fent en mat\u00e8ria textual a Europa o a qualsevol altre indret. A veure si Jacobo, t\u00e9 una mica de sort i pot recollir els mitjans necessaris\u00a0 per muntar esta magn\u00edfica obra.<\/p>\n<p style=\"text-align: center;\"><a href=\"https:\/\/bambalina.es\/\/wp-content\/uploads\/2010\/11\/activitat1283.jpg\"><img loading=\"lazy\" decoding=\"async\" class=\"size-full wp-image-1279  aligncenter\" title=\"activitat1283\" src=\"https:\/\/bambalina.es\/\/wp-content\/uploads\/2010\/11\/activitat1283.jpg\" alt=\"\" width=\"300\" height=\"368\" \/><\/a><\/p>\n","protected":false},"excerpt":{"rendered":"<p>L&#8217;altre dia, -el 3 de novembre exactament- vaig anar a a veure una lectura dramatitzada de l&#8217;obra de Dea Loher &#8230; <\/p>\n<p class=\"read-more-container\"><a title=\"Les circumst\u00e0ncies de Klara\" class=\"read-more button\" href=\"https:\/\/bambalina.es\/ca\/amigos-amics\/ls-circumstancies-de-klara#more-1274\" aria-label=\"M\u00e9s informaci\u00f3 sobre Les circumst\u00e0ncies de Klara\">Read more<\/a><\/p>\n","protected":false},"author":2,"featured_media":0,"comment_status":"open","ping_status":"open","sticky":false,"template":"","format":"standard","meta":{"_acf_changed":false,"footnotes":""},"categories":[12],"tags":[],"class_list":["post-1274","post","type-post","status-publish","format-standard","hentry","category-amigos-amics","infinite-scroll-item","generate-columns","tablet-grid-50","mobile-grid-100","grid-parent","grid-50"],"acf":[],"_links":{"self":[{"href":"https:\/\/bambalina.es\/ca\/wp-json\/wp\/v2\/posts\/1274","targetHints":{"allow":["GET"]}}],"collection":[{"href":"https:\/\/bambalina.es\/ca\/wp-json\/wp\/v2\/posts"}],"about":[{"href":"https:\/\/bambalina.es\/ca\/wp-json\/wp\/v2\/types\/post"}],"author":[{"embeddable":true,"href":"https:\/\/bambalina.es\/ca\/wp-json\/wp\/v2\/users\/2"}],"replies":[{"embeddable":true,"href":"https:\/\/bambalina.es\/ca\/wp-json\/wp\/v2\/comments?post=1274"}],"version-history":[{"count":0,"href":"https:\/\/bambalina.es\/ca\/wp-json\/wp\/v2\/posts\/1274\/revisions"}],"wp:attachment":[{"href":"https:\/\/bambalina.es\/ca\/wp-json\/wp\/v2\/media?parent=1274"}],"wp:term":[{"taxonomy":"category","embeddable":true,"href":"https:\/\/bambalina.es\/ca\/wp-json\/wp\/v2\/categories?post=1274"},{"taxonomy":"post_tag","embeddable":true,"href":"https:\/\/bambalina.es\/ca\/wp-json\/wp\/v2\/tags?post=1274"}],"curies":[{"name":"wp","href":"https:\/\/api.w.org\/{rel}","templated":true}]}}