{"id":1392,"date":"2010-12-13T12:53:16","date_gmt":"2010-12-13T10:53:16","guid":{"rendered":"http:\/\/www.bambalina.es\/blog\/?p=1392"},"modified":"2010-12-13T12:53:16","modified_gmt":"2010-12-13T10:53:16","slug":"el-publico-en-el-teatro-talia","status":"publish","type":"post","link":"https:\/\/bambalina.es\/ca\/uncategorized\/el-publico-en-el-teatro-talia","title":{"rendered":"El p\u00fablico en el Teatro Tal\u00eda"},"content":{"rendered":"<p style=\"text-align: justify;\">[youtube]http:\/\/www.youtube.com\/watch?v=w8vaXxbGBfE[\/youtube]<\/p>\n<p style=\"text-align: justify;\">\n<p style=\"text-align: justify;\">Despu\u00e9s de estos cuatro d\u00edas representando CARMEN en el teatro Tal\u00eda parece que se haya cerrado el  ciclo que comenz\u00f3 con el estreno de esta obra en Gand\u00eda el pasado febrero. Y eso no quiere decir que el recorrido natural de las representaciones se este agotando, m\u00e1s bien lo contrario, a juzgar por el inter\u00e9s palpable que hemos apreciado estos d\u00edas en el p\u00fablico. Me refiero a mi propia perspectiva de director; creo que ahora ya puedo decir que el montaje ha alcanzado su grado m\u00e1ximo de cohesi\u00f3n, limpieza, concreci\u00f3n expresiva y depuraci\u00f3n t\u00e9cnica. Con ello, mis fantasmas se duermen de nuevo para dejar que mi confianza se restablezca;  la confianza en mi mismo y en mi capacidad para conducir a buen puerto un proyecto art\u00edstico. Tambi\u00e9n es muy importante poder llegar a sentir que las exigencias y expectativas que hab\u00edas depositado en los int\u00e9rpretes han ido incluso m\u00e1s all\u00e1 de tus pretensiones iniciales -y os puedo asegurar, que en este caso, no eran pocas-. Momento importante pues del que intentar\u00e9 hacer part\u00edcipe a todo el equipo porque cualquier argumento es bueno para mitigar tensiones y acrecentar la armon\u00eda&#8230; Para seguir siendo un compa\u00f1\u00eda de TEATRO.<\/p>\n","protected":false},"excerpt":{"rendered":"<p>[youtube]http:\/\/www.youtube.com\/watch?v=w8vaXxbGBfE[\/youtube] Despu\u00e9s de estos cuatro d\u00edas representando CARMEN en el teatro Tal\u00eda parece que se haya cerrado el ciclo que &#8230; <\/p>\n<p class=\"read-more-container\"><a title=\"El p\u00fablico en el Teatro Tal\u00eda\" class=\"read-more button\" href=\"https:\/\/bambalina.es\/ca\/uncategorized\/el-publico-en-el-teatro-talia#more-1392\" aria-label=\"M\u00e9s informaci\u00f3 sobre El p\u00fablico en el Teatro Tal\u00eda\">Read more<\/a><\/p>\n","protected":false},"author":2,"featured_media":0,"comment_status":"open","ping_status":"open","sticky":false,"template":"","format":"standard","meta":{"_acf_changed":false,"footnotes":""},"categories":[8,3],"tags":[],"class_list":["post-1392","post","type-post","status-publish","format-standard","hentry","category-la-compania-la-companyia","category-uncategorized","infinite-scroll-item","generate-columns","tablet-grid-50","mobile-grid-100","grid-parent","grid-50"],"acf":[],"_links":{"self":[{"href":"https:\/\/bambalina.es\/ca\/wp-json\/wp\/v2\/posts\/1392","targetHints":{"allow":["GET"]}}],"collection":[{"href":"https:\/\/bambalina.es\/ca\/wp-json\/wp\/v2\/posts"}],"about":[{"href":"https:\/\/bambalina.es\/ca\/wp-json\/wp\/v2\/types\/post"}],"author":[{"embeddable":true,"href":"https:\/\/bambalina.es\/ca\/wp-json\/wp\/v2\/users\/2"}],"replies":[{"embeddable":true,"href":"https:\/\/bambalina.es\/ca\/wp-json\/wp\/v2\/comments?post=1392"}],"version-history":[{"count":0,"href":"https:\/\/bambalina.es\/ca\/wp-json\/wp\/v2\/posts\/1392\/revisions"}],"wp:attachment":[{"href":"https:\/\/bambalina.es\/ca\/wp-json\/wp\/v2\/media?parent=1392"}],"wp:term":[{"taxonomy":"category","embeddable":true,"href":"https:\/\/bambalina.es\/ca\/wp-json\/wp\/v2\/categories?post=1392"},{"taxonomy":"post_tag","embeddable":true,"href":"https:\/\/bambalina.es\/ca\/wp-json\/wp\/v2\/tags?post=1392"}],"curies":[{"name":"wp","href":"https:\/\/api.w.org\/{rel}","templated":true}]}}