{"id":308,"date":"2008-09-04T18:33:48","date_gmt":"2008-09-04T16:33:48","guid":{"rendered":"http:\/\/www.bambalina.es\/blog\/?p=308"},"modified":"2016-06-28T16:27:29","modified_gmt":"2016-06-28T14:27:29","slug":"arte-y-vacaciones-o-el-despanzurrador-indomito","status":"publish","type":"post","link":"https:\/\/bambalina.es\/ca\/arte-art\/arte-y-vacaciones-o-el-despanzurrador-indomito","title":{"rendered":"ARTE Y VACACIONES (o el despanzurrador ind\u00f3mito)"},"content":{"rendered":"<p align=\"justify\">En los \u00faltimos d\u00edas de agosto, en Manacor, entre cala y cala se ha colado alguna discusi\u00f3n art\u00edstica. Ya me ocurri\u00f3 el a\u00f1o pasado, tambi\u00e9n en Mallorca, en aquella ocasi\u00f3n la controversia art\u00edstica vino a ra\u00edz de la intervenci\u00f3n de Miquel Barcel\u00f3 en la catedral de Palma; despu\u00e9s de verla no pude superar el hecho de que los grandes bloques de alcilla que la conforman se hubieran agrietado al cocerlos y que el artista hubiera acabado integrando este detalle t\u00e9cnico (o m\u00e1s bien desastre, dir\u00eda yo) en su posterior discurso explicativo de la obra. Cualquier ceramista lanza a la basura las piezas que han partido al cocer. Tuve el presentimiento de que Barcel\u00f3 se hundi\u00f3 entre tantas toneladas de barro y antes que aceptarlo y replantear la obra prefiri\u00f3 replantear las palabras, que resulta bastante menos laborioso y seguramente m\u00e1s lucrativo. <!--more--><\/p>\n<p align=\"justify\">Esta sensaci\u00f3n se acrecent\u00f3 al poder hablar, por casualidad, con el fot\u00f3grafo que hizo el seguimiento de la construcci\u00f3n de la obra y su posterior instalaci\u00f3n\u2026 no fue una conversaci\u00f3n franca y directa, mi interlocutor se perdi\u00f3 en ambig\u00fcedades al preguntarle por el horno &#8211; que se construy\u00f3 ex profeso- o por lo que pudiera haber dicho Barcel\u00f3 en un \u00e1mbito m\u00e1s \u00edntimo, como si yo en vez de ser yo fuera un periodista malicioso\u2026\u00a0 Aunque esto ocurri\u00f3 el a\u00f1o pasado \u00e9ste he vuelto para que Juanjo pudiera ver la famosa Catedral del Mar y contempl\u00e1ndola juntos volv\u00ed a insistir en el problema que para mi supon\u00eda el dichoso agrietado y eso que me hab\u00eda propuesto no hacerlo, pero parece ser que es algo superior a m\u00ed: tengo que despanzurrar las cosas, irremediablemente. A Juanjo no le gust\u00f3, dijo que no era por lo que yo hubiera podido decir, simplemente no le encajaba aquello all\u00ed. Cuento esto porque estas vacaciones he tomado conciencia de esta prodigiosa habilidad despanzurradora que me posee cuando veo una peli, obra de teatro o de arte en general. A mi amiga Cristina Cervi\u00e0 le despanzurr\u00e9 en Girona \u201cAntes que el diablo sepa que has muerto\u201d. Le hice reparar en la insana tendencia del director en recrearse en los aspectos ultra dram\u00e1ticos de la existencia, convirtiendo la vida de sus personajes en un verdadero infierno de desgracias encadenadas, superpuestas, combinadas, entrelazadas\u2026 de tal modo que cualquier mogoll\u00f3n emocional queda desactivado por otro m\u00e1s bestia que siempre le sigue a continuaci\u00f3n. En fin, Cristina dio en al clavo al decir que la putada es que mis argumentos le resultaban convincentes\u00a0 y eso le destroz\u00f3 una pel\u00edcula que, antes de mis inoportunas observaciones,\u00a0 le hab\u00eda gustado un mont\u00f3n. Ella La hab\u00eda visto desde dentro y yo desde fuera, con el hipercriticatronic conectado a tope. Yo solo ve\u00eda defectos formales y ella sencillamente vivi\u00f3 la historia. Soy lo peor de lo peor y he de aprender a tener la boca cerrada, con algunas excepciones, como por ejemplo, delante de aquellas personas que no dan por buenos mis argumentos\u2026 Uf! Creo que ser\u00eda mejor soluci\u00f3n intentar rescatar el espectador verdadero que debo tener atrancado en alg\u00fan pliegue de esos que tiene la nuez del cerebro. Mierda! El susodicho espectador creo que no est\u00e1 en el cerebro si no en el coraz\u00f3n. Cr\u00eda teatreros!<\/p>\n<p>Como no hice ninguna foto de la pol\u00e9mica capilla cuelgo otras que son fruto de unas averiguaciones pr\u00e1cticas que hice conjuntamente con Juanjo respecto del OBJETO ART\u00cdSTICO. Quer\u00edamos saber si se pod\u00edan obtener im\u00e1genes art\u00edsticas de una especie de instalaci\u00f3n popular que hay en una f\u00e1brica de muebles a la entrada de Manacor. Se trataba de desvelar una perspectiva o manera de ver que no es la obvia, o la m\u00e1s directa con el uso de la c\u00e1mara y por medio de esta v\u00eda acceder a una dimensi\u00f3n m\u00e1s metaf\u00f3rica de la instalaci\u00f3n fruto de nuestro experimento. Ya dec\u00eds vosotros si hemos llegado a alg\u00fan sitio.<\/p>\n<p><a href=\"https:\/\/bambalina.es\/\/wp-content\/uploads\/2008\/09\/img_3324_2.jpg\" title=\"img_3324_2.jpg\"><img loading=\"lazy\" decoding=\"async\" src=\"https:\/\/bambalina.es\/\/wp-content\/uploads\/2008\/09\/img_3324_2.jpg\" alt=\"img_3324_2.jpg\" height=\"236\" width=\"313\" \/><\/a><\/p>\n<p><a href=\"https:\/\/bambalina.es\/\/wp-content\/uploads\/2008\/09\/img_3320_2.jpg\" title=\"img_3320_2.jpg\"><img loading=\"lazy\" decoding=\"async\" src=\"https:\/\/bambalina.es\/\/wp-content\/uploads\/2008\/09\/img_3320_2.jpg\" alt=\"img_3320_2.jpg\" height=\"412\" width=\"312\" \/><\/a><\/p>\n<p align=\"justify\"> <a href=\"https:\/\/bambalina.es\/\/wp-content\/uploads\/2008\/09\/img_3325_2.jpg\" title=\"img_3325_2.jpg\"><img loading=\"lazy\" decoding=\"async\" src=\"https:\/\/bambalina.es\/\/wp-content\/uploads\/2008\/09\/img_3325_2.jpg\" alt=\"img_3325_2.jpg\" height=\"234\" width=\"312\" \/><\/a><\/p>\n<p align=\"justify\"><a href=\"https:\/\/bambalina.es\/\/wp-content\/uploads\/2008\/09\/img_3318_2.jpg\" title=\"img_3318_2.jpg\"><img loading=\"lazy\" decoding=\"async\" src=\"https:\/\/bambalina.es\/\/wp-content\/uploads\/2008\/09\/img_3318_2.jpg\" alt=\"img_3318_2.jpg\" height=\"234\" width=\"311\" \/><\/a><\/p>\n","protected":false},"excerpt":{"rendered":"<p>En los \u00faltimos d\u00edas de agosto, en Manacor, entre cala y cala se ha colado alguna discusi\u00f3n art\u00edstica. Ya me &#8230; <\/p>\n<p class=\"read-more-container\"><a title=\"ARTE Y VACACIONES (o el despanzurrador ind\u00f3mito)\" class=\"read-more button\" href=\"https:\/\/bambalina.es\/ca\/arte-art\/arte-y-vacaciones-o-el-despanzurrador-indomito#more-308\" aria-label=\"M\u00e9s informaci\u00f3 sobre ARTE Y VACACIONES (o el despanzurrador ind\u00f3mito)\">Read more<\/a><\/p>\n","protected":false},"author":2,"featured_media":0,"comment_status":"open","ping_status":"open","sticky":false,"template":"","format":"standard","meta":{"_acf_changed":false,"footnotes":""},"categories":[13],"tags":[],"class_list":["post-308","post","type-post","status-publish","format-standard","hentry","category-arte-art","infinite-scroll-item","generate-columns","tablet-grid-50","mobile-grid-100","grid-parent","grid-50"],"acf":[],"_links":{"self":[{"href":"https:\/\/bambalina.es\/ca\/wp-json\/wp\/v2\/posts\/308","targetHints":{"allow":["GET"]}}],"collection":[{"href":"https:\/\/bambalina.es\/ca\/wp-json\/wp\/v2\/posts"}],"about":[{"href":"https:\/\/bambalina.es\/ca\/wp-json\/wp\/v2\/types\/post"}],"author":[{"embeddable":true,"href":"https:\/\/bambalina.es\/ca\/wp-json\/wp\/v2\/users\/2"}],"replies":[{"embeddable":true,"href":"https:\/\/bambalina.es\/ca\/wp-json\/wp\/v2\/comments?post=308"}],"version-history":[{"count":0,"href":"https:\/\/bambalina.es\/ca\/wp-json\/wp\/v2\/posts\/308\/revisions"}],"wp:attachment":[{"href":"https:\/\/bambalina.es\/ca\/wp-json\/wp\/v2\/media?parent=308"}],"wp:term":[{"taxonomy":"category","embeddable":true,"href":"https:\/\/bambalina.es\/ca\/wp-json\/wp\/v2\/categories?post=308"},{"taxonomy":"post_tag","embeddable":true,"href":"https:\/\/bambalina.es\/ca\/wp-json\/wp\/v2\/tags?post=308"}],"curies":[{"name":"wp","href":"https:\/\/api.w.org\/{rel}","templated":true}]}}