{"id":318,"date":"2008-09-21T21:41:40","date_gmt":"2008-09-21T19:41:40","guid":{"rendered":"http:\/\/www.bambalina.es\/blog\/?p=318"},"modified":"2016-06-28T16:27:29","modified_gmt":"2016-06-28T14:27:29","slug":"la-mare-de-lescenograf","status":"publish","type":"post","link":"https:\/\/bambalina.es\/ca\/fotos\/la-mare-de-lescenograf","title":{"rendered":"LA MARE DE L&#8217;ESCENOGRAF"},"content":{"rendered":"<p align=\"justify\">Este cap se setmana navegant per casa, la d&#8217;abans, la de ma mare, m&#8217;he quedat, de sobte, mirant una xicoteta exposici\u00f3 a sobre d&#8217;un armari. Els \u00faltims anys haur\u00e9 passat per davant d&#8217;esta petita instal\u00b7laci\u00f3 art\u00edstica un mili\u00f3 de vegades sense que res en particular em cridara l&#8217;atenci\u00f3. Per\u00f2 hui he percebut que al darrere d&#8217;aquells objectes ordenats amb cura tot un univers. No se&#8217;m havera ocorregut posar ac\u00ed la foto de no ser per que el centre de l&#8217;altar es el premi de Teatres de la Generalitat que em van donar fa uns anys a la millor escenografia. \u00c9s genial veure a quins llocs i de quina manera permaneixen els objectes que representen certes emocions. Tot plegat m&#8217;ha inspirat molta tendresa.<\/p>\n<p align=\"justify\">&nbsp;<\/p>\n<p align=\"center\"><a href=\"https:\/\/bambalina.es\/\/wp-content\/uploads\/2008\/09\/img_3372_2.jpg\" title=\"img_3372_2.jpg\"><img loading=\"lazy\" decoding=\"async\" src=\"https:\/\/bambalina.es\/\/wp-content\/uploads\/2008\/09\/img_3372_2.jpg\" alt=\"img_3372_2.jpg\" height=\"400\" width=\"533\" \/><\/a><\/p>\n","protected":false},"excerpt":{"rendered":"<p>Este cap se setmana navegant per casa, la d&#8217;abans, la de ma mare, m&#8217;he quedat, de sobte, mirant una xicoteta &#8230; <\/p>\n<p class=\"read-more-container\"><a title=\"LA MARE DE L&#8217;ESCENOGRAF\" class=\"read-more button\" href=\"https:\/\/bambalina.es\/ca\/fotos\/la-mare-de-lescenograf#more-318\" aria-label=\"M\u00e9s informaci\u00f3 sobre LA MARE DE L&#8217;ESCENOGRAF\">Read more<\/a><\/p>\n","protected":false},"author":2,"featured_media":0,"comment_status":"open","ping_status":"open","sticky":false,"template":"","format":"standard","meta":{"_acf_changed":false,"footnotes":""},"categories":[11],"tags":[],"class_list":["post-318","post","type-post","status-publish","format-standard","hentry","category-fotos","infinite-scroll-item","generate-columns","tablet-grid-50","mobile-grid-100","grid-parent","grid-50"],"acf":[],"_links":{"self":[{"href":"https:\/\/bambalina.es\/ca\/wp-json\/wp\/v2\/posts\/318","targetHints":{"allow":["GET"]}}],"collection":[{"href":"https:\/\/bambalina.es\/ca\/wp-json\/wp\/v2\/posts"}],"about":[{"href":"https:\/\/bambalina.es\/ca\/wp-json\/wp\/v2\/types\/post"}],"author":[{"embeddable":true,"href":"https:\/\/bambalina.es\/ca\/wp-json\/wp\/v2\/users\/2"}],"replies":[{"embeddable":true,"href":"https:\/\/bambalina.es\/ca\/wp-json\/wp\/v2\/comments?post=318"}],"version-history":[{"count":0,"href":"https:\/\/bambalina.es\/ca\/wp-json\/wp\/v2\/posts\/318\/revisions"}],"wp:attachment":[{"href":"https:\/\/bambalina.es\/ca\/wp-json\/wp\/v2\/media?parent=318"}],"wp:term":[{"taxonomy":"category","embeddable":true,"href":"https:\/\/bambalina.es\/ca\/wp-json\/wp\/v2\/categories?post=318"},{"taxonomy":"post_tag","embeddable":true,"href":"https:\/\/bambalina.es\/ca\/wp-json\/wp\/v2\/tags?post=318"}],"curies":[{"name":"wp","href":"https:\/\/api.w.org\/{rel}","templated":true}]}}