{"id":328,"date":"2008-10-09T23:03:11","date_gmt":"2008-10-09T21:03:11","guid":{"rendered":"http:\/\/www.bambalina.es\/blog\/?p=328"},"modified":"2016-06-28T16:27:36","modified_gmt":"2016-06-28T14:27:36","slug":"no-strings-attached-figurentheater-mainz","status":"publish","type":"post","link":"https:\/\/bambalina.es\/ca\/la-compania-la-companyia\/no-strings-attached-figurentheater-mainz","title":{"rendered":"NO STRINGS ATTACHED Figurentheater Mainz"},"content":{"rendered":"<p align=\"justify\">Hemos vuelto hace poco de participar en el Festival de T\u00edteres de Mainz. Ha sido una experiencia grata en todos los sentidos gracias al inter\u00e9s por nuestro trabajo de la Sociedad Hispano-Alemana Maguncia-Valencia que ha organizado y patrocinado nuestra representaci\u00f3n de Quijote en el teatro Mainzer Kammerspiele. Las chicas de la sociedad son incre\u00edbles, los d\u00edas que hemos estado por Mainz nos han llevado literalmente en bandeja, acompa\u00f1\u00e1ndonos a pasear por la orilla del Rin, descubriendonos las indescriptibles vidrieras de Chagal (Rita y Renhold), organizando una cena en nuestro honor (como hacen los diplom\u00e1ticos y la gente de alto post\u00edn) en la maravillosa casa que Ingrid y su esposo tienen en la campo, most\u00e1ndonos el museo Gutemberg y regal\u00e1ndonos el libro m\u00e1s peque\u00f1o del mundo, invit\u00e1ndonos en restaurantes en los que se serv\u00eda comida contundentemente alemana (Chistel, la presidenta, lideraba siempre los brindis), acompa\u00f1\u00e1ndonos a tomar tarta y caf\u00e9 en una terraza con vistas al impresionante y caudaloso Rin (Esta fue Helena)&#8230; y mil detalles m\u00e1s en los que no me voy a recrear para que no os mur\u00e1is de la envidia. El remate fue una representaci\u00f3n de Quijote especialmente intensa a la que el p\u00fablico respondi\u00f3 de manera entusiasta (Despu\u00e9s de hacernos salir varias veces a saludar en los aplausos acabaron pateando el suelo). Es genial que \u00c0ngel no pueda hacer algunas funciones y esto me permita volver a este espect\u00e1culo y a este personaje de vez en cuando.<\/p>\n<p align=\"center\"><img loading=\"lazy\" decoding=\"async\" src=\"https:\/\/bambalina.es\/\/wp-content\/uploads\/2008\/10\/img_3428.jpg\" alt=\"img_3428.jpg\" height=\"228\" width=\"299\" \/><\/p>\n<p style=\"text-align: center\"><img loading=\"lazy\" decoding=\"async\" src=\"https:\/\/bambalina.es\/\/wp-content\/uploads\/2008\/10\/img_3427.jpg\" alt=\"img_3427.jpg\" height=\"222\" width=\"296\" \/><\/p>\n<p style=\"text-align: center\"><img loading=\"lazy\" decoding=\"async\" src=\"https:\/\/bambalina.es\/\/wp-content\/uploads\/2008\/10\/img_3416.jpg\" alt=\"img_3416.jpg\" height=\"231\" width=\"290\" \/><\/p>\n<p style=\"text-align: center\"><img loading=\"lazy\" decoding=\"async\" src=\"https:\/\/bambalina.es\/\/wp-content\/uploads\/2008\/10\/img_3383.jpg\" alt=\"img_3383.jpg\" height=\"374\" width=\"287\" \/><\/p>\n","protected":false},"excerpt":{"rendered":"<p>Hemos vuelto hace poco de participar en el Festival de T\u00edteres de Mainz. Ha sido una experiencia grata en todos &#8230; <\/p>\n<p class=\"read-more-container\"><a title=\"NO STRINGS ATTACHED Figurentheater Mainz\" class=\"read-more button\" href=\"https:\/\/bambalina.es\/ca\/la-compania-la-companyia\/no-strings-attached-figurentheater-mainz#more-328\" aria-label=\"M\u00e9s informaci\u00f3 sobre NO STRINGS ATTACHED Figurentheater Mainz\">Read more<\/a><\/p>\n","protected":false},"author":2,"featured_media":0,"comment_status":"open","ping_status":"open","sticky":false,"template":"","format":"standard","meta":{"_acf_changed":false,"footnotes":""},"categories":[8],"tags":[],"class_list":["post-328","post","type-post","status-publish","format-standard","hentry","category-la-compania-la-companyia","infinite-scroll-item","generate-columns","tablet-grid-50","mobile-grid-100","grid-parent","grid-50"],"acf":[],"_links":{"self":[{"href":"https:\/\/bambalina.es\/ca\/wp-json\/wp\/v2\/posts\/328","targetHints":{"allow":["GET"]}}],"collection":[{"href":"https:\/\/bambalina.es\/ca\/wp-json\/wp\/v2\/posts"}],"about":[{"href":"https:\/\/bambalina.es\/ca\/wp-json\/wp\/v2\/types\/post"}],"author":[{"embeddable":true,"href":"https:\/\/bambalina.es\/ca\/wp-json\/wp\/v2\/users\/2"}],"replies":[{"embeddable":true,"href":"https:\/\/bambalina.es\/ca\/wp-json\/wp\/v2\/comments?post=328"}],"version-history":[{"count":0,"href":"https:\/\/bambalina.es\/ca\/wp-json\/wp\/v2\/posts\/328\/revisions"}],"wp:attachment":[{"href":"https:\/\/bambalina.es\/ca\/wp-json\/wp\/v2\/media?parent=328"}],"wp:term":[{"taxonomy":"category","embeddable":true,"href":"https:\/\/bambalina.es\/ca\/wp-json\/wp\/v2\/categories?post=328"},{"taxonomy":"post_tag","embeddable":true,"href":"https:\/\/bambalina.es\/ca\/wp-json\/wp\/v2\/tags?post=328"}],"curies":[{"name":"wp","href":"https:\/\/api.w.org\/{rel}","templated":true}]}}