{"id":418,"date":"2008-12-14T21:58:10","date_gmt":"2008-12-14T19:58:10","guid":{"rendered":"http:\/\/www.bambalina.es\/blog\/?p=418"},"modified":"2016-06-28T16:28:07","modified_gmt":"2016-06-28T14:28:07","slug":"hola-cenerentola-en-el-teatro-principal-de-valencia","status":"publish","type":"post","link":"https:\/\/bambalina.es\/ca\/la-compania-la-companyia\/hola-cenerentola-en-el-teatro-principal-de-valencia","title":{"rendered":"HOLA CENERENTOLA (En el Teatro Principal de Valencia)"},"content":{"rendered":"<p align=\"justify\">Eso de actuar en el Teatro Principal, aunque no quede muy bien decirlo, por pavitonto, es el sue\u00f1o de cualquier compa\u00f1\u00eda, actor, m\u00fasico o cantante. A nosotros, toda la pe\u00f1a Bambalinacea, nos a tocado, porque a todo cerdo le llega su San Mart\u00edn o porque quiz\u00e1 al cabo de ochocientos a\u00f1os haciendo funciones le ten\u00eda que tocar a uno de los teatros que m\u00e1s cerca nos queda, tanto f\u00edsica como espiritualmente. No s\u00e9 si el m\u00e9rito es nuestro o es una simple conjunci\u00f3n de circunstancias lo que ha provocado este peque\u00f1o logro profesional; me inclino por lo segundo, que suele ser la raz\u00f3n universal de casi todo lo acontecido en nuestras azarosas vidas. Toma senrencia!. Bueno, quer\u00eda dejar constancia aqu\u00ed del hecho y de paso aprovechar para pensar en la sensaci\u00f3n que me ha producido, con la idea siempre conectada de que ello sirva para que los que coment\u00e1is a\u00f1ad\u00e1is vuestras impresiones a las m\u00edas. Nada, todo muy natural y tranquilo, as\u00ed de sencillo. Muy grata y reconfortante la visi\u00f3n del espect\u00e1culo desde un palco lateral, me resulto armonioso y coherente y sent\u00ed un afecto especial por los actores, que se dejan la piel en el escenario, los cantantes, los m\u00fasicos, mi hermano, \u00c0ngeles y Inma y todos los que han trabajado para poner en pie este proyecto. Elijo ese momento para guardar en la cajita de las cosas geniales que so\u00f1abas que te sucedieran cuando empezabas a montar el teatrito por los parques y las plazas.<\/p>\n<p align=\"center\"><img loading=\"lazy\" decoding=\"async\" src=\"https:\/\/bambalina.es\/\/wp-content\/uploads\/2008\/12\/141220080541.jpg\" alt=\"141220080541.jpg\" height=\"226\" width=\"298\" \/><a href=\"https:\/\/bambalina.es\/\/wp-content\/uploads\/2008\/12\/14122008055.jpg\" title=\"14122008055.jpg\"><img loading=\"lazy\" decoding=\"async\" src=\"https:\/\/bambalina.es\/\/wp-content\/uploads\/2008\/12\/14122008055.jpg\" alt=\"14122008055.jpg\" height=\"222\" width=\"291\" \/><\/a><\/p>\n","protected":false},"excerpt":{"rendered":"<p>Eso de actuar en el Teatro Principal, aunque no quede muy bien decirlo, por pavitonto, es el sue\u00f1o de cualquier &#8230; <\/p>\n<p class=\"read-more-container\"><a title=\"HOLA CENERENTOLA (En el Teatro Principal de Valencia)\" class=\"read-more button\" href=\"https:\/\/bambalina.es\/ca\/la-compania-la-companyia\/hola-cenerentola-en-el-teatro-principal-de-valencia#more-418\" aria-label=\"M\u00e9s informaci\u00f3 sobre HOLA CENERENTOLA (En el Teatro Principal de Valencia)\">Read more<\/a><\/p>\n","protected":false},"author":2,"featured_media":0,"comment_status":"open","ping_status":"open","sticky":false,"template":"","format":"standard","meta":{"_acf_changed":false,"footnotes":""},"categories":[8],"tags":[],"class_list":["post-418","post","type-post","status-publish","format-standard","hentry","category-la-compania-la-companyia","infinite-scroll-item","generate-columns","tablet-grid-50","mobile-grid-100","grid-parent","grid-50"],"acf":[],"_links":{"self":[{"href":"https:\/\/bambalina.es\/ca\/wp-json\/wp\/v2\/posts\/418","targetHints":{"allow":["GET"]}}],"collection":[{"href":"https:\/\/bambalina.es\/ca\/wp-json\/wp\/v2\/posts"}],"about":[{"href":"https:\/\/bambalina.es\/ca\/wp-json\/wp\/v2\/types\/post"}],"author":[{"embeddable":true,"href":"https:\/\/bambalina.es\/ca\/wp-json\/wp\/v2\/users\/2"}],"replies":[{"embeddable":true,"href":"https:\/\/bambalina.es\/ca\/wp-json\/wp\/v2\/comments?post=418"}],"version-history":[{"count":0,"href":"https:\/\/bambalina.es\/ca\/wp-json\/wp\/v2\/posts\/418\/revisions"}],"wp:attachment":[{"href":"https:\/\/bambalina.es\/ca\/wp-json\/wp\/v2\/media?parent=418"}],"wp:term":[{"taxonomy":"category","embeddable":true,"href":"https:\/\/bambalina.es\/ca\/wp-json\/wp\/v2\/categories?post=418"},{"taxonomy":"post_tag","embeddable":true,"href":"https:\/\/bambalina.es\/ca\/wp-json\/wp\/v2\/tags?post=418"}],"curies":[{"name":"wp","href":"https:\/\/api.w.org\/{rel}","templated":true}]}}