{"id":419,"date":"2008-12-16T02:07:49","date_gmt":"2008-12-16T00:07:49","guid":{"rendered":"http:\/\/www.bambalina.es\/blog\/?p=419"},"modified":"2016-06-28T16:28:32","modified_gmt":"2016-06-28T14:28:32","slug":"hemos-montado-el-belen","status":"publish","type":"post","link":"https:\/\/bambalina.es\/ca\/la-compania-la-companyia\/hemos-montado-el-belen","title":{"rendered":"HEMOS MONTADO EL BEL\u00c9N"},"content":{"rendered":"<p align=\"justify\">A muchos de vosotros os habr\u00e1 llegado v\u00eda e-mail una ins\u00f3lita <font color=\"#ff00ff\"><strong>POSTAL NAVIDE\u00d1A<\/strong><\/font> en la que se puede apreciar nuestro desatado fervor navide\u00f1o que este a\u00f1o ha cristalizado en una prodigiosa imagen que bebe directamente de todos y cada uno de los genios de la pintura que duermen en las enciclopedias de arte incompletas de todas las casas. Samuel Domingo ha ejercido de capturador del momento mientras que todos los dem\u00e1s, si os fij\u00e1is con detenimiento, podr\u00e9is ver claramente, sin necesidad de que os lo explique, cual ha sido su papel en tan magn\u00edfica composici\u00f3n. A continuaci\u00f3n el <strong><font color=\"#00ccff\">MAKING OFF<\/font> <\/strong>de la laboriosa e interminable sesi\u00f3n fotogr\u00e0fica. Desde aqu\u00ed queremos darle las gracias al productor del evento, maquilladores, estilismo, iluminaci\u00f3n, arte, peluquer\u00eda, inform\u00e1tica, laboratorios,constructores, t\u00e9cnicos, asesores, asistentes y a todos los que nos han ayudado a conseguir que el anuncio de Freixenet de este a\u00f1o parezca la promo navide\u00f1a de cualquier canalucho local de TV.<\/p>\n<p align=\"justify\"><img loading=\"lazy\" decoding=\"async\" src=\"https:\/\/bambalina.es\/\/wp-content\/uploads\/2008\/12\/bambabelen-1.jpg\" alt=\"bambabelen-1.jpg\" height=\"289\" width=\"429\" \/><a href=\"https:\/\/bambalina.es\/\/wp-content\/uploads\/2008\/12\/bambabelen-3.jpg\" title=\"bambabelen-3.jpg\"><img loading=\"lazy\" decoding=\"async\" src=\"https:\/\/bambalina.es\/\/wp-content\/uploads\/2008\/12\/bambabelen-3.jpg\" alt=\"bambabelen-3.jpg\" height=\"286\" width=\"208\" \/><\/a><\/p>\n<p align=\"justify\"><img loading=\"lazy\" decoding=\"async\" src=\"https:\/\/bambalina.es\/\/wp-content\/uploads\/2008\/12\/bambabelen-15.jpg\" alt=\"bambabelen-15.jpg\" height=\"299\" width=\"199\" \/><a href=\"https:\/\/bambalina.es\/\/wp-content\/uploads\/2008\/12\/bambabelen-16.jpg\" title=\"bambabelen-16.jpg\"><img loading=\"lazy\" decoding=\"async\" src=\"https:\/\/bambalina.es\/\/wp-content\/uploads\/2008\/12\/bambabelen-16.jpg\" alt=\"bambabelen-16.jpg\" height=\"296\" width=\"433\" \/><\/a><\/p>\n<p align=\"justify\"><a href=\"https:\/\/bambalina.es\/\/wp-content\/uploads\/2008\/12\/bambabelen-40.jpg\" title=\"bambabelen-40.jpg\"><img loading=\"lazy\" decoding=\"async\" src=\"https:\/\/bambalina.es\/\/wp-content\/uploads\/2008\/12\/bambabelen-40.jpg\" alt=\"bambabelen-40.jpg\" height=\"426\" width=\"635\" \/><\/a><\/p>\n<p align=\"justify\"><a href=\"https:\/\/bambalina.es\/\/wp-content\/uploads\/2008\/12\/bambabelen-38.jpg\" title=\"bambabelen-38.jpg\"><img loading=\"lazy\" decoding=\"async\" src=\"https:\/\/bambalina.es\/\/wp-content\/uploads\/2008\/12\/bambabelen-38.jpg\" alt=\"bambabelen-38.jpg\" height=\"427\" width=\"634\" \/><\/a><\/p>\n","protected":false},"excerpt":{"rendered":"<p>A muchos de vosotros os habr\u00e1 llegado v\u00eda e-mail una ins\u00f3lita POSTAL NAVIDE\u00d1A en la que se puede apreciar nuestro &#8230; <\/p>\n<p class=\"read-more-container\"><a title=\"HEMOS MONTADO EL BEL\u00c9N\" class=\"read-more button\" href=\"https:\/\/bambalina.es\/ca\/la-compania-la-companyia\/hemos-montado-el-belen#more-419\" aria-label=\"M\u00e9s informaci\u00f3 sobre HEMOS MONTADO EL BEL\u00c9N\">Read more<\/a><\/p>\n","protected":false},"author":2,"featured_media":0,"comment_status":"open","ping_status":"open","sticky":false,"template":"","format":"standard","meta":{"_acf_changed":false,"footnotes":""},"categories":[8],"tags":[],"class_list":["post-419","post","type-post","status-publish","format-standard","hentry","category-la-compania-la-companyia","infinite-scroll-item","generate-columns","tablet-grid-50","mobile-grid-100","grid-parent","grid-50"],"acf":[],"_links":{"self":[{"href":"https:\/\/bambalina.es\/ca\/wp-json\/wp\/v2\/posts\/419","targetHints":{"allow":["GET"]}}],"collection":[{"href":"https:\/\/bambalina.es\/ca\/wp-json\/wp\/v2\/posts"}],"about":[{"href":"https:\/\/bambalina.es\/ca\/wp-json\/wp\/v2\/types\/post"}],"author":[{"embeddable":true,"href":"https:\/\/bambalina.es\/ca\/wp-json\/wp\/v2\/users\/2"}],"replies":[{"embeddable":true,"href":"https:\/\/bambalina.es\/ca\/wp-json\/wp\/v2\/comments?post=419"}],"version-history":[{"count":0,"href":"https:\/\/bambalina.es\/ca\/wp-json\/wp\/v2\/posts\/419\/revisions"}],"wp:attachment":[{"href":"https:\/\/bambalina.es\/ca\/wp-json\/wp\/v2\/media?parent=419"}],"wp:term":[{"taxonomy":"category","embeddable":true,"href":"https:\/\/bambalina.es\/ca\/wp-json\/wp\/v2\/categories?post=419"},{"taxonomy":"post_tag","embeddable":true,"href":"https:\/\/bambalina.es\/ca\/wp-json\/wp\/v2\/tags?post=419"}],"curies":[{"name":"wp","href":"https:\/\/api.w.org\/{rel}","templated":true}]}}