{"id":458,"date":"2009-01-05T23:11:02","date_gmt":"2009-01-05T21:11:02","guid":{"rendered":"http:\/\/www.bambalina.es\/blog\/?p=458"},"modified":"2016-06-28T16:28:28","modified_gmt":"2016-06-28T14:28:28","slug":"yo-os-declaro","status":"publish","type":"post","link":"https:\/\/bambalina.es\/ca\/amigos-amics\/yo-os-declaro","title":{"rendered":"YO OS DECLARO"},"content":{"rendered":"<p align=\"justify\">La compa\u00f1\u00eda <font color=\"#99cc00\">COPIA IZQUIERDA<\/font> estrena en <font color=\"#ff0000\">LA CARME<\/font> este pr\u00f3ximo jueves su nuevo espectaculazo <font color=\"#ccffff\">&#8220;YO OS DECLARO&#8221;<\/font>. No s\u00e9 casi nada de por d\u00f3nde van a ir los tiros, a\u00fan as\u00ed, os conmino todos conminaos a que vay\u00e1is a ver lo que se le haya ocurrido montar a esta joven, guapa, inquieta, audaz, reflexiva, beligerante, comprometida, esteta, laboriosa, idealista e imprescindible directora (La Zapik) que es de las pocas que vive el teatro como lo que es: una manera de discutir con esta vida cabrona e indolente que hoy te jode y ma\u00f1ana te da un beso a rosca y te deja sin respiraci\u00f3n. Cuelgo la valla publicitaria esperando contribuir a que haya alguno m\u00e1s en las superconfortables butacas de La Carme Teatre (Confortabilidad intelectual, eni\u00e9ndaseme please). Un achuch\u00f3n amoroso rayano lo pornoamical para la SUPERLORE, FAIGOLS LOVERMAN Y PAUET EXHIBITOR, todos ellos int\u00e9rpretes y ponderadas personalidades de la metaescena valensssssiana m\u00e1s medular y verdadera. SUERTE COLEGUILLAS!!!!!<\/p>\n<p align=\"center\"><a href=\"https:\/\/bambalina.es\/\/wp-content\/uploads\/2009\/01\/yo-os-declaro-mail.jpg\" title=\"yo-os-declaro-mail.jpg\"><img loading=\"lazy\" decoding=\"async\" src=\"https:\/\/bambalina.es\/\/wp-content\/uploads\/2009\/01\/yo-os-declaro-mail.jpg\" alt=\"yo-os-declaro-mail.jpg\" height=\"362\" width=\"559\" \/><\/a><\/p>\n","protected":false},"excerpt":{"rendered":"<p>La compa\u00f1\u00eda COPIA IZQUIERDA estrena en LA CARME este pr\u00f3ximo jueves su nuevo espectaculazo &#8220;YO OS DECLARO&#8221;. No s\u00e9 casi &#8230; <\/p>\n<p class=\"read-more-container\"><a title=\"YO OS DECLARO\" class=\"read-more button\" href=\"https:\/\/bambalina.es\/ca\/amigos-amics\/yo-os-declaro#more-458\" aria-label=\"M\u00e9s informaci\u00f3 sobre YO OS DECLARO\">Read more<\/a><\/p>\n","protected":false},"author":2,"featured_media":0,"comment_status":"open","ping_status":"open","sticky":false,"template":"","format":"standard","meta":{"_acf_changed":false,"footnotes":""},"categories":[12],"tags":[],"class_list":["post-458","post","type-post","status-publish","format-standard","hentry","category-amigos-amics","infinite-scroll-item","generate-columns","tablet-grid-50","mobile-grid-100","grid-parent","grid-50"],"acf":[],"_links":{"self":[{"href":"https:\/\/bambalina.es\/ca\/wp-json\/wp\/v2\/posts\/458","targetHints":{"allow":["GET"]}}],"collection":[{"href":"https:\/\/bambalina.es\/ca\/wp-json\/wp\/v2\/posts"}],"about":[{"href":"https:\/\/bambalina.es\/ca\/wp-json\/wp\/v2\/types\/post"}],"author":[{"embeddable":true,"href":"https:\/\/bambalina.es\/ca\/wp-json\/wp\/v2\/users\/2"}],"replies":[{"embeddable":true,"href":"https:\/\/bambalina.es\/ca\/wp-json\/wp\/v2\/comments?post=458"}],"version-history":[{"count":0,"href":"https:\/\/bambalina.es\/ca\/wp-json\/wp\/v2\/posts\/458\/revisions"}],"wp:attachment":[{"href":"https:\/\/bambalina.es\/ca\/wp-json\/wp\/v2\/media?parent=458"}],"wp:term":[{"taxonomy":"category","embeddable":true,"href":"https:\/\/bambalina.es\/ca\/wp-json\/wp\/v2\/categories?post=458"},{"taxonomy":"post_tag","embeddable":true,"href":"https:\/\/bambalina.es\/ca\/wp-json\/wp\/v2\/tags?post=458"}],"curies":[{"name":"wp","href":"https:\/\/api.w.org\/{rel}","templated":true}]}}