{"id":532,"date":"2009-02-26T21:48:51","date_gmt":"2009-02-26T19:48:51","guid":{"rendered":"http:\/\/www.bambalina.es\/blog\/?p=532"},"modified":"2016-06-28T16:28:49","modified_gmt":"2016-06-28T14:28:49","slug":"el-papa-de-xavi","status":"publish","type":"post","link":"https:\/\/bambalina.es\/ca\/amigos-amics\/el-papa-de-xavi","title":{"rendered":"EL PAPA DE XAVI"},"content":{"rendered":"<p align=\"justify\">Nos hacemos eco de la presentaci\u00f3n del documental de nuestro amigo, reportero, colaborador, realizador, fotografiador, sufridor, ayudante de direcci\u00f3n, asesor, imaginador, compinche y colega<font color=\"#ff9900\"><strong> Samuel Domingo.<\/strong><\/font> Mediante la usurpaci\u00f3n del flayer que tiene colgado en su blog y que a continuaci\u00f3n reproducimos con su correspondiente comentario. Ya sab\u00e9is, todos a Manantiales a lo del apoyo moral, ideol\u00f3gico y psicosexual. <font color=\"#ff9900\"><strong>Un beso SAM y much\u00edsima suerte!!!<\/strong><\/font><\/p>\n<p align=\"center\"><a href=\"https:\/\/bambalina.es\/\/wp-content\/uploads\/2009\/02\/manantiales.jpg\" title=\"manantiales.jpg\"><img loading=\"lazy\" decoding=\"async\" src=\"https:\/\/bambalina.es\/\/wp-content\/uploads\/2009\/02\/manantiales.jpg\" alt=\"manantiales.jpg\" height=\"201\" width=\"475\" \/><\/a><\/p>\n<p align=\"justify\"><font color=\"#ffff00\">Primera presentaci\u00f3n p\u00fablica del documental que cuenta la historia de como Xavi Castillo fue censurado por imitar al Papa Juan Pablo II en uno de sus espect\u00e1culos y de como el actor y director de teatro aprovech\u00f3 la visita de Benedicto XVI a Valencia para inspirarse en la creaci\u00f3n de su nuevo Papa.<br \/>\nEl lunes 2 de marzo estaremos en los Manantiales, primicia total, ni Xavi lo ha visto todav\u00eda \u00a1\u00a1\u00a1<\/font><\/p>\n","protected":false},"excerpt":{"rendered":"<p>Nos hacemos eco de la presentaci\u00f3n del documental de nuestro amigo, reportero, colaborador, realizador, fotografiador, sufridor, ayudante de direcci\u00f3n, asesor, &#8230; <\/p>\n<p class=\"read-more-container\"><a title=\"EL PAPA DE XAVI\" class=\"read-more button\" href=\"https:\/\/bambalina.es\/ca\/amigos-amics\/el-papa-de-xavi#more-532\" aria-label=\"M\u00e9s informaci\u00f3 sobre EL PAPA DE XAVI\">Read more<\/a><\/p>\n","protected":false},"author":2,"featured_media":0,"comment_status":"open","ping_status":"open","sticky":false,"template":"","format":"standard","meta":{"_acf_changed":false,"footnotes":""},"categories":[12],"tags":[],"class_list":["post-532","post","type-post","status-publish","format-standard","hentry","category-amigos-amics","infinite-scroll-item","generate-columns","tablet-grid-50","mobile-grid-100","grid-parent","grid-50"],"acf":[],"_links":{"self":[{"href":"https:\/\/bambalina.es\/ca\/wp-json\/wp\/v2\/posts\/532","targetHints":{"allow":["GET"]}}],"collection":[{"href":"https:\/\/bambalina.es\/ca\/wp-json\/wp\/v2\/posts"}],"about":[{"href":"https:\/\/bambalina.es\/ca\/wp-json\/wp\/v2\/types\/post"}],"author":[{"embeddable":true,"href":"https:\/\/bambalina.es\/ca\/wp-json\/wp\/v2\/users\/2"}],"replies":[{"embeddable":true,"href":"https:\/\/bambalina.es\/ca\/wp-json\/wp\/v2\/comments?post=532"}],"version-history":[{"count":0,"href":"https:\/\/bambalina.es\/ca\/wp-json\/wp\/v2\/posts\/532\/revisions"}],"wp:attachment":[{"href":"https:\/\/bambalina.es\/ca\/wp-json\/wp\/v2\/media?parent=532"}],"wp:term":[{"taxonomy":"category","embeddable":true,"href":"https:\/\/bambalina.es\/ca\/wp-json\/wp\/v2\/categories?post=532"},{"taxonomy":"post_tag","embeddable":true,"href":"https:\/\/bambalina.es\/ca\/wp-json\/wp\/v2\/tags?post=532"}],"curies":[{"name":"wp","href":"https:\/\/api.w.org\/{rel}","templated":true}]}}