{"id":541,"date":"2009-03-11T20:51:46","date_gmt":"2009-03-11T18:51:46","guid":{"rendered":"http:\/\/www.bambalina.es\/blog\/?p=541"},"modified":"2016-06-28T16:28:58","modified_gmt":"2016-06-28T14:28:58","slug":"la-nau-de-punt-2","status":"publish","type":"post","link":"https:\/\/bambalina.es\/ca\/la-compania-la-companyia\/la-nau-de-punt-2","title":{"rendered":"LA NAU de punt 2"},"content":{"rendered":"<p align=\"justify\">Hem passat tot el mat\u00ed a la terrassa del Caf\u00e9 del Mar al passeig de la platja de la Malvarrosa gravant unes entrevistes d&#8217;all\u00f2 m\u00e9s el\u00b7laborades i especials per al programa de Teatre i Dansa LA NAU que s&#8217;emet els dilluns all\u00e0 a quines hores de la nit al PUNT DOS de CANAL NOU. Vull aprofitar l&#8217;avinentesa per a entonar les escel\u00b7lencies d&#8217;un programa com aquest que reflexa amb grans dosis d&#8217;intel\u00b7ligencia i sensibilitat audiovisual l&#8217;activitat als escenaris de la Valencian Community. Totes les prevencions i prejudicis que tots tenim en veure apareixer alg\u00fa amb una c\u00e0mera i un micro deixen de tenir sentit davant aquest equip de professionals que se&#8217;ens fiquen a la butxaca en questi\u00f3 de segons fent-nos sentir all\u00f2 tan senzill de l&#8217;interes i el respecte pel que fem. A hores d&#8217;ara compten amb la complicitat i l&#8217;estima de tota la professi\u00f3 valenciana i espere que a\u00e7\u00f2 els valga per evitar per en\u00e9ssima vegada la retirada de la graella de programaci\u00f3 de la nostra benodiada TVV. Una abra\u00e7ada des d&#8217;ac\u00ed a Pancho Barreda, Javi Quintanilla, Felipe el C\u00e0mera&#8230; No recorde el nom del guionista, i mira que em fot, perqu\u00e8 el tio s&#8217;havia estudiat l&#8217;obra i amb el Pancho tenien preparat un gui\u00f3 de continguts que en compte d&#8217;una entrevista all\u00f2 semblava m\u00e9s aines una peli del Lars Von Trier.<\/p>\n<p align=\"center\"><img loading=\"lazy\" decoding=\"async\" src=\"https:\/\/bambalina.es\/\/wp-content\/uploads\/2009\/03\/img_4142.jpg\" alt=\"img_4142.jpg\" height=\"213\" width=\"284\" \/><a href=\"https:\/\/bambalina.es\/\/wp-content\/uploads\/2009\/03\/img_4146.jpg\" title=\"img_4146.jpg\"><img loading=\"lazy\" decoding=\"async\" src=\"https:\/\/bambalina.es\/\/wp-content\/uploads\/2009\/03\/img_4146.jpg\" alt=\"img_4146.jpg\" height=\"213\" width=\"275\" \/><\/a><\/p>\n<p align=\"center\">&nbsp;<\/p>\n<p align=\"center\">\u00a0<img loading=\"lazy\" decoding=\"async\" src=\"https:\/\/bambalina.es\/\/wp-content\/uploads\/2009\/03\/img_4159.jpg\" alt=\"img_4159.jpg\" height=\"213\" width=\"281\" \/><a href=\"https:\/\/bambalina.es\/\/wp-content\/uploads\/2009\/03\/img_4158.jpg\" title=\"img_4158.jpg\"><img loading=\"lazy\" decoding=\"async\" src=\"https:\/\/bambalina.es\/\/wp-content\/uploads\/2009\/03\/img_4158.jpg\" alt=\"img_4158.jpg\" height=\"213\" width=\"277\" \/><\/a><\/p>\n<p align=\"center\">&nbsp;<\/p>\n<p align=\"center\"><img loading=\"lazy\" decoding=\"async\" src=\"https:\/\/bambalina.es\/\/wp-content\/uploads\/2009\/03\/img_4161.jpg\" alt=\"img_4161.jpg\" height=\"216\" width=\"285\" \/><a href=\"https:\/\/bambalina.es\/\/wp-content\/uploads\/2009\/03\/img_4167.jpg\" title=\"img_4167.jpg\"><img loading=\"lazy\" decoding=\"async\" src=\"https:\/\/bambalina.es\/\/wp-content\/uploads\/2009\/03\/img_4167.jpg\" alt=\"img_4167.jpg\" height=\"215\" width=\"279\" \/><\/a><\/p>\n<p align=\"center\">&nbsp;<\/p>\n<p align=\"center\">\u00a0<a href=\"https:\/\/bambalina.es\/\/wp-content\/uploads\/2009\/03\/img_4173.jpg\" title=\"img_4173.jpg\"><img loading=\"lazy\" decoding=\"async\" src=\"https:\/\/bambalina.es\/\/wp-content\/uploads\/2009\/03\/img_4173.jpg\" alt=\"img_4173.jpg\" height=\"355\" width=\"467\" \/><\/a><\/p>\n<p align=\"center\">&nbsp;<\/p>\n<p align=\"center\"><a href=\"https:\/\/bambalina.es\/\/wp-content\/uploads\/2009\/03\/img_4168.jpg\" title=\"img_4168.jpg\"><img loading=\"lazy\" decoding=\"async\" src=\"https:\/\/bambalina.es\/\/wp-content\/uploads\/2009\/03\/img_4168.jpg\" alt=\"img_4168.jpg\" height=\"361\" width=\"474\" \/><\/a><\/p>\n<p align=\"center\">(Fe d&#8217;errades: em diu Pancho Barrera que el seu nom\u00a0 \u00e9s Pancho Barrera i no Pancho Barreda. Perd\u00f3! a l&#8217;hora em recorda el nom del guionista: N\u00c9STOR!)<\/p>\n<p align=\"center\">&nbsp;<\/p>\n<p align=\"center\">&nbsp;<\/p>\n","protected":false},"excerpt":{"rendered":"<p>Hem passat tot el mat\u00ed a la terrassa del Caf\u00e9 del Mar al passeig de la platja de la Malvarrosa &#8230; <\/p>\n<p class=\"read-more-container\"><a title=\"LA NAU de punt 2\" class=\"read-more button\" href=\"https:\/\/bambalina.es\/ca\/la-compania-la-companyia\/la-nau-de-punt-2#more-541\" aria-label=\"M\u00e9s informaci\u00f3 sobre LA NAU de punt 2\">Read more<\/a><\/p>\n","protected":false},"author":2,"featured_media":0,"comment_status":"open","ping_status":"open","sticky":false,"template":"","format":"standard","meta":{"_acf_changed":false,"footnotes":""},"categories":[8],"tags":[],"class_list":["post-541","post","type-post","status-publish","format-standard","hentry","category-la-compania-la-companyia","infinite-scroll-item","generate-columns","tablet-grid-50","mobile-grid-100","grid-parent","grid-50"],"acf":[],"_links":{"self":[{"href":"https:\/\/bambalina.es\/ca\/wp-json\/wp\/v2\/posts\/541","targetHints":{"allow":["GET"]}}],"collection":[{"href":"https:\/\/bambalina.es\/ca\/wp-json\/wp\/v2\/posts"}],"about":[{"href":"https:\/\/bambalina.es\/ca\/wp-json\/wp\/v2\/types\/post"}],"author":[{"embeddable":true,"href":"https:\/\/bambalina.es\/ca\/wp-json\/wp\/v2\/users\/2"}],"replies":[{"embeddable":true,"href":"https:\/\/bambalina.es\/ca\/wp-json\/wp\/v2\/comments?post=541"}],"version-history":[{"count":0,"href":"https:\/\/bambalina.es\/ca\/wp-json\/wp\/v2\/posts\/541\/revisions"}],"wp:attachment":[{"href":"https:\/\/bambalina.es\/ca\/wp-json\/wp\/v2\/media?parent=541"}],"wp:term":[{"taxonomy":"category","embeddable":true,"href":"https:\/\/bambalina.es\/ca\/wp-json\/wp\/v2\/categories?post=541"},{"taxonomy":"post_tag","embeddable":true,"href":"https:\/\/bambalina.es\/ca\/wp-json\/wp\/v2\/tags?post=541"}],"curies":[{"name":"wp","href":"https:\/\/api.w.org\/{rel}","templated":true}]}}