{"id":572,"date":"2009-03-30T00:22:23","date_gmt":"2009-03-29T22:22:23","guid":{"rendered":"http:\/\/www.bambalina.es\/blog\/?p=572"},"modified":"2016-06-28T16:29:05","modified_gmt":"2016-06-28T14:29:05","slug":"a-partir-del-dimarts-a-laltre-espai","status":"publish","type":"post","link":"https:\/\/bambalina.es\/ca\/la-compania-la-companyia\/a-partir-del-dimarts-a-laltre-espai","title":{"rendered":"A PARTIR DEL DIMARTS A L&#8217;ALTRE ESPAI"},"content":{"rendered":"<p align=\"justify\">Nom\u00e9s volia dir, tot i que \u00c1ngeles ja ha fet la seua macrocampanya informativa, que a partir del pr\u00f2xim dimarts fins diumenge estem a L&#8217;Altre Espai amb LA DONA IRREAL. No us encanteu perqu\u00e8 una setmaneta passa volant i despr\u00e9s sempre resulta m\u00e9s dif\u00edcil estar pendent dels bolos. A m\u00e9s, L&#8217;Altre Espai, per les condicions de la sala \u00e9s el lloc \u00f2ptim per veure-ho. Us convide a que deixeu per ac\u00ed la vostra opini\u00f2 sobre el muntatge, siga bona o dolenta, ja sabeu que ens agrada molt coneixer el que sincerament penseu del que fem. Aiiiii, Mareeeee! Quins nervis m\u00e9s nerviosos!<\/p>\n<p align=\"center\"><a href=\"https:\/\/bambalina.es\/\/wp-content\/uploads\/2009\/03\/prueba-cuantica-c.jpg\" title=\"prueba-cuantica-c.jpg\"><img loading=\"lazy\" decoding=\"async\" src=\"https:\/\/bambalina.es\/\/wp-content\/uploads\/2009\/03\/prueba-cuantica-c.jpg\" alt=\"prueba-cuantica-c.jpg\" height=\"507\" width=\"416\" \/><\/a><\/p>\n<p align=\"justify\">&nbsp;<\/p>\n<p align=\"justify\">&nbsp;<\/p>\n<p align=\"justify\">Aquesta \u00e9s la imatge de l&#8217;espectacle creada pels xavals d&#8217;INKLUDE. Mola! No? \u00c9s d&#8217;all\u00f2 m\u00e9s qu\u00e0ntica amb tot el conglomerat de part\u00edcules invisibles en forma d&#8217;energia escampant-se a trav\u00e9s d&#8217;ones electrokarpianes&#8230;<\/p>\n","protected":false},"excerpt":{"rendered":"<p>Nom\u00e9s volia dir, tot i que \u00c1ngeles ja ha fet la seua macrocampanya informativa, que a partir del pr\u00f2xim dimarts &#8230; <\/p>\n<p class=\"read-more-container\"><a title=\"A PARTIR DEL DIMARTS A L&#8217;ALTRE ESPAI\" class=\"read-more button\" href=\"https:\/\/bambalina.es\/ca\/la-compania-la-companyia\/a-partir-del-dimarts-a-laltre-espai#more-572\" aria-label=\"M\u00e9s informaci\u00f3 sobre A PARTIR DEL DIMARTS A L&#8217;ALTRE ESPAI\">Read more<\/a><\/p>\n","protected":false},"author":2,"featured_media":0,"comment_status":"open","ping_status":"open","sticky":false,"template":"","format":"standard","meta":{"_acf_changed":false,"footnotes":""},"categories":[8],"tags":[],"class_list":["post-572","post","type-post","status-publish","format-standard","hentry","category-la-compania-la-companyia","infinite-scroll-item","generate-columns","tablet-grid-50","mobile-grid-100","grid-parent","grid-50"],"acf":[],"_links":{"self":[{"href":"https:\/\/bambalina.es\/ca\/wp-json\/wp\/v2\/posts\/572","targetHints":{"allow":["GET"]}}],"collection":[{"href":"https:\/\/bambalina.es\/ca\/wp-json\/wp\/v2\/posts"}],"about":[{"href":"https:\/\/bambalina.es\/ca\/wp-json\/wp\/v2\/types\/post"}],"author":[{"embeddable":true,"href":"https:\/\/bambalina.es\/ca\/wp-json\/wp\/v2\/users\/2"}],"replies":[{"embeddable":true,"href":"https:\/\/bambalina.es\/ca\/wp-json\/wp\/v2\/comments?post=572"}],"version-history":[{"count":0,"href":"https:\/\/bambalina.es\/ca\/wp-json\/wp\/v2\/posts\/572\/revisions"}],"wp:attachment":[{"href":"https:\/\/bambalina.es\/ca\/wp-json\/wp\/v2\/media?parent=572"}],"wp:term":[{"taxonomy":"category","embeddable":true,"href":"https:\/\/bambalina.es\/ca\/wp-json\/wp\/v2\/categories?post=572"},{"taxonomy":"post_tag","embeddable":true,"href":"https:\/\/bambalina.es\/ca\/wp-json\/wp\/v2\/tags?post=572"}],"curies":[{"name":"wp","href":"https:\/\/api.w.org\/{rel}","templated":true}]}}