{"id":574,"date":"2009-04-06T22:30:55","date_gmt":"2009-04-06T20:30:55","guid":{"rendered":"http:\/\/www.bambalina.es\/blog\/?p=574"},"modified":"2016-06-28T16:29:05","modified_gmt":"2016-06-28T14:29:05","slug":"adeu-a-laltre-espai","status":"publish","type":"post","link":"https:\/\/bambalina.es\/ca\/la-compania-la-companyia\/adeu-a-laltre-espai","title":{"rendered":"AD\u00c9U A L&#8217;ALTRE ESPAI"},"content":{"rendered":"<p align=\"justify\">Ahir f\u00e9rem l&#8217;\u00faltima representaci\u00f3 de la Dona Irreal a l&#8217;Altre Espai. Tots ho hem passat d&#8217;all\u00f2 m\u00e9s b\u00e9, en particular els actors que han acabat fent l&#8217;obra realment seua amb l&#8217;efecte que esta asumpci\u00f3 produeix en la qualitat i la intensitat expresiva del muntatge. A cada dia que passava tot aribava una mica m\u00e9s lluny. \u00c9s una ll\u00e0stima que l&#8217; exhibici\u00f3 haja estat tan curta: una m\u00edsera setmanutxa. Es diu que Teatres pensa tancar L&#8217;Altre Espai i jo confie en que es tracte nom\u00e9s d&#8217;un fals rumor perqu\u00e8 si es tanca de veritat tamb\u00e9 es tancar\u00e0 per a sempre una part important\u00edssima de la nostra historia professional i, sobre tot, sentimental. Espere, si arriba el cas, que entre tots impedim esta nova barbaritat si s&#8217;arribara a produir.<\/p>\n<p align=\"justify\">&nbsp;<\/p>\n<p align=\"center\"><a href=\"https:\/\/bambalina.es\/\/wp-content\/uploads\/2009\/04\/img_4521_2.jpg\" title=\"img_4521_2.jpg\"><img loading=\"lazy\" decoding=\"async\" src=\"https:\/\/bambalina.es\/\/wp-content\/uploads\/2009\/04\/img_4521_2.jpg\" alt=\"img_4521_2.jpg\" height=\"304\" width=\"554\" \/><\/a><\/p>\n<p align=\"justify\">&nbsp;<\/p>\n<p align=\"justify\">Com es pot veure en l&#8217; altra foto\u00a0 molts acabarem a La Malaquita fent una esp\u00e8cie de sopar d&#8217;acomiadament. Coincidirem amb els de Cel Ras que tamb\u00e9 havien\u00a0 acabat a a la sala Carme. Altre espai teatral amena\u00e7at. Tamb\u00e9, en este cas, \u00e9s responsabilitat de tots, i no nom\u00e9s de la companyia que la gestiona, vetllar per la seua superviv\u00e8ncia.<\/p>\n<p align=\"justify\">&nbsp;<\/p>\n<p align=\"center\"><a href=\"https:\/\/bambalina.es\/\/wp-content\/uploads\/2009\/04\/img_4526.jpg\" title=\"img_4526.jpg\"><img decoding=\"async\" src=\"https:\/\/bambalina.es\/\/wp-content\/uploads\/2009\/04\/img_4526.jpg\" alt=\"img_4526.jpg\" \/><\/a><\/p>\n","protected":false},"excerpt":{"rendered":"<p>Ahir f\u00e9rem l&#8217;\u00faltima representaci\u00f3 de la Dona Irreal a l&#8217;Altre Espai. Tots ho hem passat d&#8217;all\u00f2 m\u00e9s b\u00e9, en particular &#8230; <\/p>\n<p class=\"read-more-container\"><a title=\"AD\u00c9U A L&#8217;ALTRE ESPAI\" class=\"read-more button\" href=\"https:\/\/bambalina.es\/ca\/la-compania-la-companyia\/adeu-a-laltre-espai#more-574\" aria-label=\"M\u00e9s informaci\u00f3 sobre AD\u00c9U A L&#8217;ALTRE ESPAI\">Read more<\/a><\/p>\n","protected":false},"author":2,"featured_media":0,"comment_status":"open","ping_status":"open","sticky":false,"template":"","format":"standard","meta":{"_acf_changed":false,"footnotes":""},"categories":[8],"tags":[],"class_list":["post-574","post","type-post","status-publish","format-standard","hentry","category-la-compania-la-companyia","infinite-scroll-item","generate-columns","tablet-grid-50","mobile-grid-100","grid-parent","grid-50"],"acf":[],"_links":{"self":[{"href":"https:\/\/bambalina.es\/ca\/wp-json\/wp\/v2\/posts\/574","targetHints":{"allow":["GET"]}}],"collection":[{"href":"https:\/\/bambalina.es\/ca\/wp-json\/wp\/v2\/posts"}],"about":[{"href":"https:\/\/bambalina.es\/ca\/wp-json\/wp\/v2\/types\/post"}],"author":[{"embeddable":true,"href":"https:\/\/bambalina.es\/ca\/wp-json\/wp\/v2\/users\/2"}],"replies":[{"embeddable":true,"href":"https:\/\/bambalina.es\/ca\/wp-json\/wp\/v2\/comments?post=574"}],"version-history":[{"count":0,"href":"https:\/\/bambalina.es\/ca\/wp-json\/wp\/v2\/posts\/574\/revisions"}],"wp:attachment":[{"href":"https:\/\/bambalina.es\/ca\/wp-json\/wp\/v2\/media?parent=574"}],"wp:term":[{"taxonomy":"category","embeddable":true,"href":"https:\/\/bambalina.es\/ca\/wp-json\/wp\/v2\/categories?post=574"},{"taxonomy":"post_tag","embeddable":true,"href":"https:\/\/bambalina.es\/ca\/wp-json\/wp\/v2\/tags?post=574"}],"curies":[{"name":"wp","href":"https:\/\/api.w.org\/{rel}","templated":true}]}}