{"id":648,"date":"2009-07-01T00:20:18","date_gmt":"2009-06-30T22:20:18","guid":{"rendered":"http:\/\/www.bambalina.es\/blog\/?p=648"},"modified":"2016-06-28T16:29:30","modified_gmt":"2016-06-28T14:29:30","slug":"kraft-en-denia","status":"publish","type":"post","link":"https:\/\/bambalina.es\/ca\/amigos-amics\/kraft-en-denia","title":{"rendered":"Kraft en Denia"},"content":{"rendered":"<p align=\"justify\">Estuvimos haciendo una funci\u00f3n extraordinaria de Kraft en el espacio que gestiona Oscar Jare\u00f1o y su gente en su ciudad: Denia. La experiencia fue muy emocionante por el ambiente y la comunicaci\u00f3n que se cre\u00f3 entre el\u00a0 p\u00fablico y los int\u00e9rpretes, cinco en vez de tres. Este espect\u00e1culo tiene extra\u00f1as propiedades, la que a m\u00ed m\u00e1s me llama la atenci\u00f3n es lo f\u00e1cil que resulta divertirse haci\u00e9ndolo una y otra vez. Posee esa rara capacidad de los juegos infantiles para hac\u00e9rtelo pasar bien una vez y otra m\u00e1s, se dir\u00eda que cuantas m\u00e1s veces juegas mayor es el placer que obtienes en el juego. Lo cierto es que engancha un mont\u00f3n. Una velada de reencuentro y amistad en el sentido m\u00e1s natural y emotivo de la palabra. Trabajar con amigos a los que quieres de verdad te proporciona estas experiencias tan cercanas al coraz\u00f3n. Esto tambi\u00e9n debe ser amor. Un beso para Oscar, Idoya, Mei, Sam, David, Carol, Carmen L\u00f3pez, \u00c1ngeles y sus amigos de Sueca, Juanjo, Zap, Merce , Inma, Ximi y toda la gente de la comarca que convirtieron un 26 de Junio cualquiera en un d\u00eda realmente especial.<\/p>\n<p align=\"center\"><a href=\"https:\/\/bambalina.es\/\/wp-content\/uploads\/2009\/07\/img_5038.jpg\" title=\"img_5038.jpg\"><img loading=\"lazy\" decoding=\"async\" src=\"https:\/\/bambalina.es\/\/wp-content\/uploads\/2009\/07\/img_5038.jpg\" alt=\"img_5038.jpg\" height=\"312\" width=\"409\" \/><\/a><\/p>\n<p align=\"center\">&nbsp;<\/p>\n<p align=\"center\"><a href=\"https:\/\/bambalina.es\/\/wp-content\/uploads\/2009\/07\/img_5041.jpg\" title=\"img_5041.jpg\"><img loading=\"lazy\" decoding=\"async\" src=\"https:\/\/bambalina.es\/\/wp-content\/uploads\/2009\/07\/img_5041.jpg\" alt=\"img_5041.jpg\" height=\"261\" width=\"414\" \/><\/a><\/p>\n<p align=\"center\">&nbsp;<\/p>\n<p align=\"center\"><a href=\"https:\/\/bambalina.es\/\/wp-content\/uploads\/2009\/07\/img_5049.jpg\" title=\"img_5049.jpg\"><img loading=\"lazy\" decoding=\"async\" src=\"https:\/\/bambalina.es\/\/wp-content\/uploads\/2009\/07\/img_5049.jpg\" alt=\"img_5049.jpg\" height=\"315\" width=\"420\" \/><\/a><\/p>\n","protected":false},"excerpt":{"rendered":"<p>Estuvimos haciendo una funci\u00f3n extraordinaria de Kraft en el espacio que gestiona Oscar Jare\u00f1o y su gente en su ciudad: &#8230; <\/p>\n<p class=\"read-more-container\"><a title=\"Kraft en Denia\" class=\"read-more button\" href=\"https:\/\/bambalina.es\/ca\/amigos-amics\/kraft-en-denia#more-648\" aria-label=\"M\u00e9s informaci\u00f3 sobre Kraft en Denia\">Read more<\/a><\/p>\n","protected":false},"author":2,"featured_media":0,"comment_status":"open","ping_status":"open","sticky":false,"template":"","format":"standard","meta":{"_acf_changed":false,"footnotes":""},"categories":[12],"tags":[],"class_list":["post-648","post","type-post","status-publish","format-standard","hentry","category-amigos-amics","infinite-scroll-item","generate-columns","tablet-grid-50","mobile-grid-100","grid-parent","grid-50"],"acf":[],"_links":{"self":[{"href":"https:\/\/bambalina.es\/ca\/wp-json\/wp\/v2\/posts\/648","targetHints":{"allow":["GET"]}}],"collection":[{"href":"https:\/\/bambalina.es\/ca\/wp-json\/wp\/v2\/posts"}],"about":[{"href":"https:\/\/bambalina.es\/ca\/wp-json\/wp\/v2\/types\/post"}],"author":[{"embeddable":true,"href":"https:\/\/bambalina.es\/ca\/wp-json\/wp\/v2\/users\/2"}],"replies":[{"embeddable":true,"href":"https:\/\/bambalina.es\/ca\/wp-json\/wp\/v2\/comments?post=648"}],"version-history":[{"count":0,"href":"https:\/\/bambalina.es\/ca\/wp-json\/wp\/v2\/posts\/648\/revisions"}],"wp:attachment":[{"href":"https:\/\/bambalina.es\/ca\/wp-json\/wp\/v2\/media?parent=648"}],"wp:term":[{"taxonomy":"category","embeddable":true,"href":"https:\/\/bambalina.es\/ca\/wp-json\/wp\/v2\/categories?post=648"},{"taxonomy":"post_tag","embeddable":true,"href":"https:\/\/bambalina.es\/ca\/wp-json\/wp\/v2\/tags?post=648"}],"curies":[{"name":"wp","href":"https:\/\/api.w.org\/{rel}","templated":true}]}}