{"id":689,"date":"2009-09-21T13:51:55","date_gmt":"2009-09-21T11:51:55","guid":{"rendered":"http:\/\/www.bambalina.es\/blog\/?p=689"},"modified":"2016-06-28T16:29:49","modified_gmt":"2016-06-28T14:29:49","slug":"empar-canet-mama","status":"publish","type":"post","link":"https:\/\/bambalina.es\/ca\/amigos-amics\/empar-canet-mama","title":{"rendered":"EMPAR CANET MAM\u00c1"},"content":{"rendered":"<p align=\"justify\">Fa uns dies va passar Empar a veuren\u00b4s acompanyada per la seua filleta Cl\u00e0udia. La xiqueta, com tots els nadons amb un mes d\u2019exist\u00e8ncia al m\u00f3n \u00e9s un cadellet que inspira alegria i tendresa a m\u00e9s de despertar-te l\u2019instint de protecci\u00f3 i remoure-te\u2019n d\u2019altres dels que ara no parlar\u00e9 per no extraviar-me, com tinc el costum, en assumptes de caire personal en compte del professional. Empar es va quedar embarassada poc despr\u00e9s d\u2019iniciar els assajos de <em>La dona irreal<\/em><span style=\"font-style: normal\">, al recomanar-li el ginec\u00f2leg rep\u00f2s va ser Cristina Garc\u00eda la que es va fer c\u00e0rrec del personatge i Empar va assumir la tasca d\u2019ajudant de direcci\u00f3. La <\/span><em>Dona<\/em><span style=\"font-style: normal\"> va anar gestant-se a l\u2019hora que ho feia esta xiqueta al ventre de sa mare. Esta circumst\u00e0ncia va propiciar que l\u2019espectacle s\u2019impregnara del sentit simb\u00f2lic de l\u2019embar\u00e0s i que tots sentirem amb gran intensitat l\u00b4\u00edntima connexi\u00f3 que tenia el que estavem intentant fer amb la vida mateixa. En veure este monyicotet tan tranquil i confiat amb la seua mare vaig<span>\u00a0 <\/span>sentir per un moment eixa intensa sensaci\u00f3 d\u2019harmonia de la que els avatars de la vida, massa sovint, t\u2019allunyen. Moltes felicitats per a Empar y Jaime, pares de la criatura, de part de tota la bambalina family.<\/span><\/p>\n<p align=\"center\"><a href=\"https:\/\/bambalina.es\/\/wp-content\/uploads\/2009\/09\/img_5349_2.jpg\" title=\"img_5349_2.jpg\"><img loading=\"lazy\" decoding=\"async\" src=\"https:\/\/bambalina.es\/\/wp-content\/uploads\/2009\/09\/img_5349_2.jpg\" alt=\"img_5349_2.jpg\" height=\"387\" width=\"515\" \/><\/a><\/p>\n<p class=\"MsoNormal\" align=\"justify\">&nbsp;<\/p>\n<p class=\"MsoNormal\"><!--[if !supportEmptyParas]-->\u00a0<!--[endif]--><o:p><\/o:p><\/p>\n<p><!--EndFragment--><\/p>\n","protected":false},"excerpt":{"rendered":"<p>Fa uns dies va passar Empar a veuren\u00b4s acompanyada per la seua filleta Cl\u00e0udia. La xiqueta, com tots els nadons &#8230; <\/p>\n<p class=\"read-more-container\"><a title=\"EMPAR CANET MAM\u00c1\" class=\"read-more button\" href=\"https:\/\/bambalina.es\/ca\/amigos-amics\/empar-canet-mama#more-689\" aria-label=\"M\u00e9s informaci\u00f3 sobre EMPAR CANET MAM\u00c1\">Read more<\/a><\/p>\n","protected":false},"author":2,"featured_media":0,"comment_status":"open","ping_status":"open","sticky":false,"template":"","format":"standard","meta":{"_acf_changed":false,"footnotes":""},"categories":[12],"tags":[],"class_list":["post-689","post","type-post","status-publish","format-standard","hentry","category-amigos-amics","infinite-scroll-item","generate-columns","tablet-grid-50","mobile-grid-100","grid-parent","grid-50"],"acf":[],"_links":{"self":[{"href":"https:\/\/bambalina.es\/ca\/wp-json\/wp\/v2\/posts\/689","targetHints":{"allow":["GET"]}}],"collection":[{"href":"https:\/\/bambalina.es\/ca\/wp-json\/wp\/v2\/posts"}],"about":[{"href":"https:\/\/bambalina.es\/ca\/wp-json\/wp\/v2\/types\/post"}],"author":[{"embeddable":true,"href":"https:\/\/bambalina.es\/ca\/wp-json\/wp\/v2\/users\/2"}],"replies":[{"embeddable":true,"href":"https:\/\/bambalina.es\/ca\/wp-json\/wp\/v2\/comments?post=689"}],"version-history":[{"count":0,"href":"https:\/\/bambalina.es\/ca\/wp-json\/wp\/v2\/posts\/689\/revisions"}],"wp:attachment":[{"href":"https:\/\/bambalina.es\/ca\/wp-json\/wp\/v2\/media?parent=689"}],"wp:term":[{"taxonomy":"category","embeddable":true,"href":"https:\/\/bambalina.es\/ca\/wp-json\/wp\/v2\/categories?post=689"},{"taxonomy":"post_tag","embeddable":true,"href":"https:\/\/bambalina.es\/ca\/wp-json\/wp\/v2\/tags?post=689"}],"curies":[{"name":"wp","href":"https:\/\/api.w.org\/{rel}","templated":true}]}}