{"id":698,"date":"2009-09-30T16:49:28","date_gmt":"2009-09-30T14:49:28","guid":{"rendered":"http:\/\/www.bambalina.es\/blog\/?p=698"},"modified":"2016-06-28T16:29:55","modified_gmt":"2016-06-28T14:29:55","slug":"paco-bascunan","status":"publish","type":"post","link":"https:\/\/bambalina.es\/ca\/amigos-amics\/paco-bascunan","title":{"rendered":"PACO BASCU\u00d1\u00c1N"},"content":{"rendered":"<p align=\"justify\">Paco Bascu\u00f1\u00e1n ens ha deixat inesperadament, ens hem quedat tots desconcertats. desolats&#8230; La vida. Un home bo, honest, vital i traballador. Un dissenyador gr\u00e0fic enorme i genu\u00ed. Era la nostra imatge des de fa molts anys. Al seu funeral ha sonat una can\u00e7\u00f3 de Tom Waits.<\/p>\n<p align=\"justify\">\u00a0[youtube]http:\/\/www.youtube.com\/watch?v=9ZmqbcBsTAw[\/youtube]<\/p>\n<p align=\"justify\">&nbsp;<\/p>\n<p align=\"justify\">Ja tenia fet el cartell de la Mostra de Titelles a la Vall d&#8217;Albaida d&#8217;enguany. Josep Talens ens l&#8217;envia.<\/p>\n<p align=\"justify\">&nbsp;<\/p>\n<p align=\"center\"><a href=\"https:\/\/bambalina.es\/\/wp-content\/uploads\/2009\/09\/af-cartellmostra-1.jpg\" title=\"af-cartellmostra-1.jpg\"><img loading=\"lazy\" decoding=\"async\" src=\"https:\/\/bambalina.es\/\/wp-content\/uploads\/2009\/09\/af-cartellmostra-1.jpg\" alt=\"af-cartellmostra-1.jpg\" height=\"561\" width=\"402\" \/><\/a><\/p>\n<p align=\"justify\">&nbsp;<\/p>\n<p align=\"justify\">Ara segur que s&#8217;inventa alguna cosa per a que la eternitat resulte m\u00e9s interessant, moderna i captivadora.<\/p>\n<p align=\"justify\"><a href=\"http:\/\/\/\/www.elpais.com\/articulo\/Necrologicas\/Paco\/Bascunan\/renovador\/diseno\/grafico\/valenciano\/elpepinec\/20090930elpepinec_1\/Tes\">Obituari al PA\u00cdS <\/a><\/p>\n<p align=\"justify\">&nbsp;<\/p>\n","protected":false},"excerpt":{"rendered":"<p>Paco Bascu\u00f1\u00e1n ens ha deixat inesperadament, ens hem quedat tots desconcertats. desolats&#8230; La vida. Un home bo, honest, vital i &#8230; <\/p>\n<p class=\"read-more-container\"><a title=\"PACO BASCU\u00d1\u00c1N\" class=\"read-more button\" href=\"https:\/\/bambalina.es\/ca\/amigos-amics\/paco-bascunan#more-698\" aria-label=\"M\u00e9s informaci\u00f3 sobre PACO BASCU\u00d1\u00c1N\">Read more<\/a><\/p>\n","protected":false},"author":2,"featured_media":0,"comment_status":"open","ping_status":"open","sticky":false,"template":"","format":"standard","meta":{"_acf_changed":false,"footnotes":""},"categories":[12],"tags":[],"class_list":["post-698","post","type-post","status-publish","format-standard","hentry","category-amigos-amics","infinite-scroll-item","generate-columns","tablet-grid-50","mobile-grid-100","grid-parent","grid-50"],"acf":[],"_links":{"self":[{"href":"https:\/\/bambalina.es\/ca\/wp-json\/wp\/v2\/posts\/698","targetHints":{"allow":["GET"]}}],"collection":[{"href":"https:\/\/bambalina.es\/ca\/wp-json\/wp\/v2\/posts"}],"about":[{"href":"https:\/\/bambalina.es\/ca\/wp-json\/wp\/v2\/types\/post"}],"author":[{"embeddable":true,"href":"https:\/\/bambalina.es\/ca\/wp-json\/wp\/v2\/users\/2"}],"replies":[{"embeddable":true,"href":"https:\/\/bambalina.es\/ca\/wp-json\/wp\/v2\/comments?post=698"}],"version-history":[{"count":0,"href":"https:\/\/bambalina.es\/ca\/wp-json\/wp\/v2\/posts\/698\/revisions"}],"wp:attachment":[{"href":"https:\/\/bambalina.es\/ca\/wp-json\/wp\/v2\/media?parent=698"}],"wp:term":[{"taxonomy":"category","embeddable":true,"href":"https:\/\/bambalina.es\/ca\/wp-json\/wp\/v2\/categories?post=698"},{"taxonomy":"post_tag","embeddable":true,"href":"https:\/\/bambalina.es\/ca\/wp-json\/wp\/v2\/tags?post=698"}],"curies":[{"name":"wp","href":"https:\/\/api.w.org\/{rel}","templated":true}]}}