{"id":703,"date":"2009-10-10T19:12:12","date_gmt":"2009-10-10T17:12:12","guid":{"rendered":"http:\/\/www.bambalina.es\/blog\/?p=703"},"modified":"2016-06-28T16:29:56","modified_gmt":"2016-06-28T14:29:56","slug":"desde-peru","status":"publish","type":"post","link":"https:\/\/bambalina.es\/ca\/la-compania-la-companyia\/desde-peru","title":{"rendered":"Desde PERU"},"content":{"rendered":"<p align=\"justify\">Los Kr\u00e1ficos han iniciado su en\u00e9sima gira trasatl\u00e1ntica con entusiasmo renovado despu\u00e9s de las vacaciones estivales. Este viaje profesional les est\u00e1 llevando por Lima, C\u00f3rdoba, Asunci\u00f3n y Sao Paulo. Espero que entre kraft y kraft dispongan de alg\u00fan momento para acercarse a un ciber y contarnos algo de lo que est\u00e1n viviendo por tan lejanas latitudes. Merce me ha enviado alguna foto de los talleres que est\u00e1n ofreciendo a los chavales, esta actividad supone una peque\u00f1a introducci\u00f3n a la t\u00e9cnica de los t\u00edteres construidos instantaneamente en papel.<\/p>\n<p align=\"center\"><a href=\"https:\/\/bambalina.es\/\/wp-content\/uploads\/2009\/10\/img_8508.jpg\" title=\"img_8508.jpg\"><img loading=\"lazy\" decoding=\"async\" src=\"https:\/\/bambalina.es\/\/wp-content\/uploads\/2009\/10\/img_8508.jpg\" alt=\"img_8508.jpg\" width=\"456\" height=\"235\" \/><\/a><\/p>\n<p align=\"center\">&nbsp;<\/p>\n<p align=\"center\"><a href=\"https:\/\/bambalina.es\/\/wp-content\/uploads\/2009\/10\/img_8555.jpg\" title=\"img_8555.jpg\"><img loading=\"lazy\" decoding=\"async\" src=\"https:\/\/bambalina.es\/\/wp-content\/uploads\/2009\/10\/img_8555.jpg\" alt=\"img_8555.jpg\" width=\"458\" height=\"239\" \/><\/a><\/p>\n<p align=\"center\">&nbsp;<\/p>\n<p align=\"center\">&nbsp;<\/p>\n<p align=\"center\">&nbsp;<\/p>\n<p align=\"center\"><a href=\"https:\/\/bambalina.es\/\/wp-content\/uploads\/2009\/10\/img_8538.jpg\" title=\"img_8538.jpg\"><img loading=\"lazy\" decoding=\"async\" src=\"https:\/\/bambalina.es\/\/wp-content\/uploads\/2009\/10\/img_8538.jpg\" alt=\"img_8538.jpg\" width=\"459\" height=\"230\" \/><\/a><\/p>\n<p align=\"center\">&nbsp;<\/p>\n<p align=\"center\">&nbsp;<\/p>\n","protected":false},"excerpt":{"rendered":"<p>Los Kr\u00e1ficos han iniciado su en\u00e9sima gira trasatl\u00e1ntica con entusiasmo renovado despu\u00e9s de las vacaciones estivales. Este viaje profesional les &#8230; <\/p>\n<p class=\"read-more-container\"><a title=\"Desde PERU\" class=\"read-more button\" href=\"https:\/\/bambalina.es\/ca\/la-compania-la-companyia\/desde-peru#more-703\" aria-label=\"M\u00e9s informaci\u00f3 sobre Desde PERU\">Read more<\/a><\/p>\n","protected":false},"author":2,"featured_media":0,"comment_status":"open","ping_status":"open","sticky":false,"template":"","format":"standard","meta":{"_acf_changed":false,"footnotes":""},"categories":[8],"tags":[],"class_list":["post-703","post","type-post","status-publish","format-standard","hentry","category-la-compania-la-companyia","infinite-scroll-item","generate-columns","tablet-grid-50","mobile-grid-100","grid-parent","grid-50"],"acf":[],"_links":{"self":[{"href":"https:\/\/bambalina.es\/ca\/wp-json\/wp\/v2\/posts\/703","targetHints":{"allow":["GET"]}}],"collection":[{"href":"https:\/\/bambalina.es\/ca\/wp-json\/wp\/v2\/posts"}],"about":[{"href":"https:\/\/bambalina.es\/ca\/wp-json\/wp\/v2\/types\/post"}],"author":[{"embeddable":true,"href":"https:\/\/bambalina.es\/ca\/wp-json\/wp\/v2\/users\/2"}],"replies":[{"embeddable":true,"href":"https:\/\/bambalina.es\/ca\/wp-json\/wp\/v2\/comments?post=703"}],"version-history":[{"count":0,"href":"https:\/\/bambalina.es\/ca\/wp-json\/wp\/v2\/posts\/703\/revisions"}],"wp:attachment":[{"href":"https:\/\/bambalina.es\/ca\/wp-json\/wp\/v2\/media?parent=703"}],"wp:term":[{"taxonomy":"category","embeddable":true,"href":"https:\/\/bambalina.es\/ca\/wp-json\/wp\/v2\/categories?post=703"},{"taxonomy":"post_tag","embeddable":true,"href":"https:\/\/bambalina.es\/ca\/wp-json\/wp\/v2\/tags?post=703"}],"curies":[{"name":"wp","href":"https:\/\/api.w.org\/{rel}","templated":true}]}}