{"id":730,"date":"2009-10-21T14:08:00","date_gmt":"2009-10-21T12:08:00","guid":{"rendered":"http:\/\/www.bambalina.es\/blog\/?p=730"},"modified":"2016-06-28T16:30:06","modified_gmt":"2016-06-28T14:30:06","slug":"un-museu-de-cine","status":"publish","type":"post","link":"https:\/\/bambalina.es\/ca\/proyectos-projectes\/un-museu-de-cine","title":{"rendered":"UN MUSEU DE CINE!"},"content":{"rendered":"<p><span style=\"font-family: Arial\" lang=\"CA\"><a href=\"https:\/\/bambalina.es\/\/wp-content\/uploads\/2009\/10\/imatge-blog-copia.jpg\" title=\"imatge-blog-copia.jpg\"><\/a><a href=\"http:\/\/www.bambalina.es\/blog\/wp-content\/pasozebra-blog.jpg\" title=\"pasozebra-blog.jpg\"><\/a><a href=\"http:\/\/www.bambalina.es\/blog\/wp-content\/pasozebra-blog.jpg\" title=\"pasozebra-blog.jpg\"><\/a>Fa pocs mesos us anunci\u00e0vem la incorporaci\u00f3 dels aut\u00f2mats del magn\u00edfic Francisco Sanz a la col\u00b7lecci\u00f3 del museu de titelles.<span>\u00a0 <\/span>Ara \u00e9s <strong>PASOZEBRA<\/strong>, una productora valenciana d\u2019animaci\u00f3 creada l\u2019any 1996 qui cedeix part del material que crearen en la seua primera etapa professional. Salvant les dist\u00e0ncies cronol\u00f2giques no parem de trobar punts de connexi\u00f3 entre uns i altres i \u00e9s que l\u2019univers de l\u2019animaci\u00f3 n<span style=\"font-family: Arial\" lang=\"CA\"><\/span>o deixa de reinterpretar-se, per\u00f2 sempre sobre uns principis comuns. Els nostres amics de Pasozebra (capitanejats per Raul D\u00edez) van comen\u00e7ar amb l\u2019animaci\u00f3 en plastilina per\u00f2 el seu inter\u00e9s per la innovaci\u00f3 els ha dut a desenrotllar llargs processos d\u2019investigaci\u00f3 on han reconvertit les t\u00e8cniques artesanals a trav\u00e9s de la inf<span style=\"font-family: Arial\" lang=\"CA\"><a href=\"https:\/\/bambalina.es\/\/wp-content\/uploads\/2009\/10\/imatge-blog-copia.jpg\" title=\"imatge-blog-copia.jpg\"><\/a><a href=\"http:\/\/www.bambalina.es\/blog\/wp-content\/pasozebra-blog.jpg\" title=\"pasozebra-blog.jpg\"><\/a><\/span>ografia i la tecnologia digital.<\/span><\/p>\n<p><span style=\"font-family: Arial\" lang=\"CA\"><span style=\"font-family: Arial\" lang=\"CA\">Segurament recordareu un dels seus curts,<span style=\"font-family: Arial\" lang=\"CA\"><a href=\"https:\/\/bambalina.es\/\/wp-content\/uploads\/2009\/10\/imatge-blog-copia.jpg\" title=\"imatge-blog-copia.jpg\"><\/a><a href=\"http:\/\/www.bambalina.es\/blog\/wp-content\/pasozebra-blog.jpg\" title=\"pasozebra-blog.jpg\"><\/a><a href=\"http:\/\/www.bambalina.es\/blog\/wp-content\/pasozebra-blog.jpg\" title=\"pasozebra-blog.jpg\"><\/a><\/span> <em>Sr. Trapo<\/em> (2002), un t\u00edtol que aconsegu\u00ed el Goya al millor curt d\u2019animaci\u00f3 i que fou guardonat en els festivals de cine de Londres, Melbourne, Berl\u00edn, Houston i Nova York.<span>\u00a0 <\/span>Tamb\u00e9 han realitzat s\u00e8ries com <em>Alfredo el cartero<\/em> (2004-2007), <em>Los nimbos<\/em> (2003-2005) i <em>Trickes<\/em> (2001). Les seues animacions tamb\u00e9 han sedu\u00eft les grans multinacionals de l\u2019alimentaci\u00f3 (Danone, Cu\u00e9tara, \u00d3scar M\u00e1yer, Kraf) i per a elles han fet diverses campa<span style=\"font-family: Arial\" lang=\"CA\"><a href=\"https:\/\/bambalina.es\/\/wp-content\/uploads\/2009\/10\/imatge-blog-copia.jpg\" title=\"imatge-blog-copia.jpg\"><\/a><a href=\"http:\/\/www.bambalina.es\/blog\/wp-content\/pasozebra-blog.jpg\" title=\"pasozebra-blog.jpg\"><\/a><\/span>nyes publicit\u00e0ries.\u00a0<o:p><\/o:p><\/span><span style=\"font-family: Arial\" lang=\"CA\">\u00a0<\/span><\/span><span style=\"font-family: Arial\" lang=\"CA\"><span style=\"font-family: Arial\" lang=\"CA\"><\/span><\/span><span style=\"font-family: Arial\" lang=\"CA\"><span style=\"font-family: Arial\" lang=\"CA\"><\/span><\/span><span style=\"font-family: Arial\" lang=\"CA\"><span style=\"font-family: Arial\" lang=\"CA\"><\/span><\/span><span style=\"font-family: Arial\" lang=\"CA\"><span style=\"font-family: Arial\" lang=\"CA\"><\/span><\/span><span style=\"font-family: Arial\" lang=\"CA\"><span style=\"font-family: Arial\" lang=\"CA\"><\/span><\/span><span style=\"font-family: Arial\" lang=\"CA\"><span style=\"font-family: Arial\" lang=\"CA\"><\/span><\/span><span style=\"font-family: Arial\" lang=\"CA\"><span style=\"font-family: Arial\" lang=\"CA\"><\/span><\/span><span style=\"font-family: Arial\" lang=\"CA\"><span style=\"font-family: Arial\" lang=\"CA\"><\/span><\/span><span style=\"font-family: Arial\" lang=\"CA\"><\/span><span style=\"font-family: Arial\" lang=\"CA\"><\/span><span style=\"font-family: Arial\" lang=\"CA\"><\/span><span style=\"font-family: Arial\" lang=\"CA\"><o:p><\/o:p><\/span><span style=\"font-family: Arial\" lang=\"CA\">Gr\u00e0cies, Raul, gr\u00e0cies Pas<span style=\"font-family: Arial\" lang=\"CA\"><a href=\"https:\/\/bambalina.es\/\/wp-content\/uploads\/2009\/10\/imatge-blog-copia.jpg\" title=\"imatge-blog-copia.jpg\"><\/a><a href=\"http:\/\/www.bambalina.es\/blog\/wp-content\/pasozebra-blog.jpg\" title=\"pasozebra-blog.jpg\"><\/a><\/span>ozebra, per ressucitar esta genial <span style=\"font-family: Arial\" lang=\"CA\"><a href=\"https:\/\/bambalina.es\/\/wp-content\/uploads\/2009\/10\/imatge-blog-copia.jpg\" title=\"imatge-blog-copia.jpg\"><\/a><\/span>miniatura!<span>\u00a0<\/span><\/span><span style=\"font-family: Arial\" lang=\"CA\"><span><\/span><\/span><span style=\"font-family: Arial\" lang=\"CA\"><span>\u00a0<span style=\"font-family: Arial\" lang=\"CA\"><a href=\"https:\/\/bambalina.es\/\/wp-content\/uploads\/2009\/10\/imatge-blog-copia.jpg\" title=\"imatge-blog-copia.jpg\"><\/a><a href=\"http:\/\/www.bambalina.es\/blog\/wp-content\/pasozebra-blog.jpg\" title=\"pasozebra-blog.jpg\"><\/a><span style=\"font-family: Arial\" lang=\"CA\"><a href=\"https:\/\/bambalina.es\/\/wp-content\/uploads\/2009\/10\/imatge-blog-copia.jpg\" title=\"imatge-blog-copia.jpg\"><\/a><a href=\"http:\/\/www.bambalina.es\/blog\/wp-content\/pasozebra-blog.jpg\" title=\"pasozebra-blog.jpg\"><\/a><\/span><\/span><\/span><\/span><span style=\"font-family: Arial\" lang=\"CA\"><span><span style=\"font-family: Arial\" lang=\"CA\"><span style=\"font-family: Arial\" lang=\"CA\"><\/span><\/span><\/span><\/span><span style=\"font-family: Arial\" lang=\"CA\">\u00a0<\/span><span style=\"font-family: Arial\" lang=\"CA\"><\/span><span style=\"font-family: Arial\" lang=\"CA\"><\/span><span style=\"font-family: Arial\" lang=\"CA\"><\/span><\/p>\n<p><span style=\"font-family: Arial\" lang=\"CA\"><\/span><span style=\"font-family: Arial\" lang=\"CA\"><\/span><span style=\"font-family: Arial\" lang=\"CA\"><\/span><span style=\"font-family: Arial\" lang=\"CA\"><\/span><span style=\"font-family: Arial\" lang=\"CA\"><\/span><span style=\"font-family: Arial\" lang=\"CA\"><o:p><\/o:p><\/span><span style=\"font-family: Arial\" lang=\"CA\"><span style=\"font-family: Arial\" lang=\"CA\"><a href=\"https:\/\/bambalina.es\/\/wp-content\/uploads\/2009\/10\/imatge-blog-copia.jpg\" title=\"imatge-blog-copia.jpg\"><\/a><a href=\"http:\/\/www.bambalina.es\/blog\/wp-content\/pasozebra-blog.jpg\" title=\"pasozebra-blog.jpg\"><\/a><a href=\"http:\/\/www.bambalina.es\/blog\/wp-content\/pasozebra-blog.jpg\" title=\"pasozebra-blog.jpg\"><\/a><img loading=\"lazy\" decoding=\"async\" hspace=\"3\" vspace=\"3\" border=\"0\" src=\"https:\/\/bambalina.es\/\/wp-content\/uploads\/2009\/10\/imatge-blog-copia.jpg\" alt=\"imatge-blog-copia.jpg\" height=\"930\" width=\"560\" \/><\/span><\/span><\/p>\n<p><span style=\"font-family: Arial\" lang=\"CA\"><span style=\"font-family: Arial\" lang=\"CA\"><\/span><\/span><\/p>\n<p><span style=\"font-family: Arial\" lang=\"CA\"><span style=\"font-family: Arial\" lang=\"CA\"><\/span><\/span><span style=\"font-family: Arial\" lang=\"CA\"><span style=\"font-family: Arial\" lang=\"CA\"><\/span><\/span><span style=\"font-family: Arial\" lang=\"CA\"><span style=\"font-family: Arial\" lang=\"CA\"><\/span>El set d\u2019animaci\u00f3 realitzat<span>\u00a0 <\/span>per a la cap\u00e7alera i t\u00edtols de cr\u00e8dit de la pel\u00b7l\u00edcula <em>Noche de Reyes<\/em> (2001) de Miguel Bardem.<o:p><\/o:p><\/span><font face=\"Times New Roman\">\u00a0<\/font><\/p>\n","protected":false},"excerpt":{"rendered":"<p>Fa pocs mesos us anunci\u00e0vem la incorporaci\u00f3 dels aut\u00f2mats del magn\u00edfic Francisco Sanz a la col\u00b7lecci\u00f3 del museu de titelles.\u00a0 &#8230; <\/p>\n<p class=\"read-more-container\"><a title=\"UN MUSEU DE CINE!\" class=\"read-more button\" href=\"https:\/\/bambalina.es\/ca\/proyectos-projectes\/un-museu-de-cine#more-730\" aria-label=\"M\u00e9s informaci\u00f3 sobre UN MUSEU DE CINE!\">Read more<\/a><\/p>\n","protected":false},"author":2,"featured_media":0,"comment_status":"open","ping_status":"open","sticky":false,"template":"","format":"standard","meta":{"_acf_changed":false,"footnotes":""},"categories":[9],"tags":[],"class_list":["post-730","post","type-post","status-publish","format-standard","hentry","category-proyectos-projectes","infinite-scroll-item","generate-columns","tablet-grid-50","mobile-grid-100","grid-parent","grid-50"],"acf":[],"_links":{"self":[{"href":"https:\/\/bambalina.es\/ca\/wp-json\/wp\/v2\/posts\/730","targetHints":{"allow":["GET"]}}],"collection":[{"href":"https:\/\/bambalina.es\/ca\/wp-json\/wp\/v2\/posts"}],"about":[{"href":"https:\/\/bambalina.es\/ca\/wp-json\/wp\/v2\/types\/post"}],"author":[{"embeddable":true,"href":"https:\/\/bambalina.es\/ca\/wp-json\/wp\/v2\/users\/2"}],"replies":[{"embeddable":true,"href":"https:\/\/bambalina.es\/ca\/wp-json\/wp\/v2\/comments?post=730"}],"version-history":[{"count":0,"href":"https:\/\/bambalina.es\/ca\/wp-json\/wp\/v2\/posts\/730\/revisions"}],"wp:attachment":[{"href":"https:\/\/bambalina.es\/ca\/wp-json\/wp\/v2\/media?parent=730"}],"wp:term":[{"taxonomy":"category","embeddable":true,"href":"https:\/\/bambalina.es\/ca\/wp-json\/wp\/v2\/categories?post=730"},{"taxonomy":"post_tag","embeddable":true,"href":"https:\/\/bambalina.es\/ca\/wp-json\/wp\/v2\/tags?post=730"}],"curies":[{"name":"wp","href":"https:\/\/api.w.org\/{rel}","templated":true}]}}