{"id":788,"date":"2010-01-06T22:30:55","date_gmt":"2010-01-06T20:30:55","guid":{"rendered":"http:\/\/www.bambalina.es\/blog\/?p=788"},"modified":"2016-06-28T16:30:21","modified_gmt":"2016-06-28T14:30:21","slug":"oscar-jareno-papa","status":"publish","type":"post","link":"https:\/\/bambalina.es\/ca\/amigos-amics\/oscar-jareno-papa","title":{"rendered":"OSCAR JARE\u00d1O PAP\u00c1"},"content":{"rendered":"<p align=\"justify\">Puede que sea la influencia de alguna conjunci\u00f3n astral, puede que sea la edad, el instinto o el simple amor a la vida pero el caso es que se van produciendo nacimientos alrededor. No se me ocurre nada m\u00e1s hermoso y emocionante que sentir entre tus manos el pulso de una nueva vida, nada m\u00e1s prometedor, nada m\u00e1s fascinante. Sent\u00ed una gran alegr\u00eda cuando Oscar me llam\u00f3 para decirme que su hijo EDER hab\u00eda nacido el d\u00eda de navidad. Nos anunci\u00f3 el embarazo a Merce y a m\u00ed en un bolo de Kraft por Castilla-La Mancha ya hace muchos meses. Ser\u00e1 impulsivo, afable y cari\u00f1oso y tambi\u00e9n ser\u00e1 decidido, tenaz y alegre porque los ni\u00f1os se fabrican una mitad con el material gen\u00e9tico del padre y la otra mitad con el de la madre. Much\u00edsimas felicidades de parte de todos los bambalinos y colindantes,\u00a0 amigos Oscar e Idoia. Ah! Espero que saque el genio de la abuela para el flamenco. Le he vuelto a robar una foto a Sam, es muy bonita y parece que bastante reciente a juzgar por la barriga de Idoia. Estos chicos viven en happylandia!!!! Qu\u00e9 envidia!!!!<\/p>\n<p align=\"justify\">&nbsp;<\/p>\n<p align=\"center\"><a href=\"https:\/\/bambalina.es\/\/wp-content\/uploads\/2010\/01\/idoscar-053.jpg\" title=\"idoscar-053.jpg\"><img decoding=\"async\" src=\"https:\/\/bambalina.es\/\/wp-content\/uploads\/2010\/01\/idoscar-053.jpg\" alt=\"idoscar-053.jpg\" \/><\/a><\/p>\n","protected":false},"excerpt":{"rendered":"<p>Puede que sea la influencia de alguna conjunci\u00f3n astral, puede que sea la edad, el instinto o el simple amor &#8230; <\/p>\n<p class=\"read-more-container\"><a title=\"OSCAR JARE\u00d1O PAP\u00c1\" class=\"read-more button\" href=\"https:\/\/bambalina.es\/ca\/amigos-amics\/oscar-jareno-papa#more-788\" aria-label=\"M\u00e9s informaci\u00f3 sobre OSCAR JARE\u00d1O PAP\u00c1\">Read more<\/a><\/p>\n","protected":false},"author":2,"featured_media":0,"comment_status":"open","ping_status":"open","sticky":false,"template":"","format":"standard","meta":{"_acf_changed":false,"footnotes":""},"categories":[12],"tags":[],"class_list":["post-788","post","type-post","status-publish","format-standard","hentry","category-amigos-amics","infinite-scroll-item","generate-columns","tablet-grid-50","mobile-grid-100","grid-parent","grid-50"],"acf":[],"_links":{"self":[{"href":"https:\/\/bambalina.es\/ca\/wp-json\/wp\/v2\/posts\/788","targetHints":{"allow":["GET"]}}],"collection":[{"href":"https:\/\/bambalina.es\/ca\/wp-json\/wp\/v2\/posts"}],"about":[{"href":"https:\/\/bambalina.es\/ca\/wp-json\/wp\/v2\/types\/post"}],"author":[{"embeddable":true,"href":"https:\/\/bambalina.es\/ca\/wp-json\/wp\/v2\/users\/2"}],"replies":[{"embeddable":true,"href":"https:\/\/bambalina.es\/ca\/wp-json\/wp\/v2\/comments?post=788"}],"version-history":[{"count":0,"href":"https:\/\/bambalina.es\/ca\/wp-json\/wp\/v2\/posts\/788\/revisions"}],"wp:attachment":[{"href":"https:\/\/bambalina.es\/ca\/wp-json\/wp\/v2\/media?parent=788"}],"wp:term":[{"taxonomy":"category","embeddable":true,"href":"https:\/\/bambalina.es\/ca\/wp-json\/wp\/v2\/categories?post=788"},{"taxonomy":"post_tag","embeddable":true,"href":"https:\/\/bambalina.es\/ca\/wp-json\/wp\/v2\/tags?post=788"}],"curies":[{"name":"wp","href":"https:\/\/api.w.org\/{rel}","templated":true}]}}