{"id":950,"date":"2010-05-03T21:20:05","date_gmt":"2010-05-03T19:20:05","guid":{"rendered":"http:\/\/www.bambalina.es\/blog\/?p=950"},"modified":"2016-06-28T16:30:49","modified_gmt":"2016-06-28T14:30:49","slug":"felah-mengus","status":"publish","type":"post","link":"https:\/\/bambalina.es\/ca\/amigos-amics\/felah-mengus","title":{"rendered":"FELAH MENGUS"},"content":{"rendered":"<p style=\"text-align: justify;\">Nuestro querido amigo, compa\u00f1ero de fatigas, papa\u00edto, compositor eventual, cantante particular y loco de la vida en general present\u00f3 este s\u00e1bado pasado&#8230; Atenci\u00f3n! SU GRUPO, SU DISCO, SU SUE\u00d1O en el pueblo donde creci\u00f3: DENIA. Como este domingo tuvo, junto a Merce, David e Inma bolo de Kraft en Villena les estuvo explicando lo inexplicable, es decir la emoci\u00f3n que le embargaba por todo lo que hab\u00eda sucedido el d\u00eda anterior. Parece ser que fue una de esas noches para recordar siempre. El Centro Social donde se present\u00f3 con su nueva banda se puso al rojo vivo y la experiencia se convirti\u00f3 en la materializaci\u00f3n de una utop\u00eda. Este muchacho va lanzado a la maldita felicidad; amor, hijo precioso, un mont\u00f3n de \u00e1rboles plantados y ahora un trabajo musical lanzado al mundo. Bueno Oscar, ya sabes que te envidio de un modo absolutamente p\u00e9rfido e insano. Un beso de amor fraterno y sincero desde aqu\u00ed mismo. Te queremos PERTXANKO.<\/p>\n<p style=\"text-align: justify;\">\n<p style=\"text-align: justify;\">\n<p style=\"text-align: justify;\"><a href=\"https:\/\/bambalina.es\/\/wp-content\/uploads\/2010\/05\/felahmengus1.jpg\"><img loading=\"lazy\" decoding=\"async\" class=\"aligncenter size-full wp-image-953\" title=\"felahmengus\" src=\"https:\/\/bambalina.es\/\/wp-content\/uploads\/2010\/05\/felahmengus1.jpg\" alt=\"\" width=\"619\" height=\"360\" \/><\/a><\/p>\n<p style=\"text-align: justify;\">\n<p style=\"text-align: justify;\"><a href=\"http:\/\/www.bambalina.es\/blog\/wp-content\/fela-005.jpg\"><br \/>\n<\/a><\/p>\n<p style=\"text-align: justify;\">\n","protected":false},"excerpt":{"rendered":"<p>Nuestro querido amigo, compa\u00f1ero de fatigas, papa\u00edto, compositor eventual, cantante particular y loco de la vida en general present\u00f3 este &#8230; <\/p>\n<p class=\"read-more-container\"><a title=\"FELAH MENGUS\" class=\"read-more button\" href=\"https:\/\/bambalina.es\/ca\/amigos-amics\/felah-mengus#more-950\" aria-label=\"M\u00e9s informaci\u00f3 sobre FELAH MENGUS\">Read more<\/a><\/p>\n","protected":false},"author":2,"featured_media":0,"comment_status":"open","ping_status":"open","sticky":false,"template":"","format":"standard","meta":{"_acf_changed":false,"footnotes":""},"categories":[12],"tags":[],"class_list":["post-950","post","type-post","status-publish","format-standard","hentry","category-amigos-amics","infinite-scroll-item","generate-columns","tablet-grid-50","mobile-grid-100","grid-parent","grid-50"],"acf":[],"_links":{"self":[{"href":"https:\/\/bambalina.es\/ca\/wp-json\/wp\/v2\/posts\/950","targetHints":{"allow":["GET"]}}],"collection":[{"href":"https:\/\/bambalina.es\/ca\/wp-json\/wp\/v2\/posts"}],"about":[{"href":"https:\/\/bambalina.es\/ca\/wp-json\/wp\/v2\/types\/post"}],"author":[{"embeddable":true,"href":"https:\/\/bambalina.es\/ca\/wp-json\/wp\/v2\/users\/2"}],"replies":[{"embeddable":true,"href":"https:\/\/bambalina.es\/ca\/wp-json\/wp\/v2\/comments?post=950"}],"version-history":[{"count":0,"href":"https:\/\/bambalina.es\/ca\/wp-json\/wp\/v2\/posts\/950\/revisions"}],"wp:attachment":[{"href":"https:\/\/bambalina.es\/ca\/wp-json\/wp\/v2\/media?parent=950"}],"wp:term":[{"taxonomy":"category","embeddable":true,"href":"https:\/\/bambalina.es\/ca\/wp-json\/wp\/v2\/categories?post=950"},{"taxonomy":"post_tag","embeddable":true,"href":"https:\/\/bambalina.es\/ca\/wp-json\/wp\/v2\/tags?post=950"}],"curies":[{"name":"wp","href":"https:\/\/api.w.org\/{rel}","templated":true}]}}