{"id":1044,"date":"2010-07-03T11:55:18","date_gmt":"2010-07-03T09:55:18","guid":{"rendered":"http:\/\/www.bambalina.es\/blog\/?p=1044"},"modified":"2016-06-28T16:31:04","modified_gmt":"2016-06-28T14:31:04","slug":"proyecto-veo","status":"publish","type":"post","link":"https:\/\/bambalina.es\/en\/proyectos-projectes\/proyecto-veo","title":{"rendered":"PROYECTO VEO"},"content":{"rendered":"<p>Ando pescando ideas para alimentar un proyecto que pueda tener sentido en el marco del festival m\u00e1s interesante que se viene celebrando en \u00e9sta, nuestra queriaborrecida ciudad; Valencia. CHAN, CHAN!!!! El V.E.O. Poder participar en la pr\u00f3xima edici\u00f3n supone para nosotros un verdadero reto acojonativo a la vez que entusiasmante y revitalizante a la vez que expuesto en el sentido chungo y en el genial. Bueno, aventurilla de las gordas al fin y al cabo de la que esperamos particip\u00e9is todos de una u otra manera.<\/p>\n<p>Para daros una primera se\u00f1al pongo a continuaci\u00f3n una t\u00edpica parrafada policarpiana de las que se han colado en el proyecto. Lo siento!<\/p>\n<p><!-- \t\t@page { margin: 2cm } \t\tP { margin-bottom: 0.21cm } --><\/p>\n<p style=\"text-align: justify;\"><span style=\"color: #ffcc99;\"><em><strong>Objeciones a los objetos<\/strong><\/em><br \/>\n<\/span><\/p>\n<p style=\"text-align: justify;\"><span style=\"color: #ffcc99;\">Rara vez pensamos en los objetos al margen de su funci\u00f3n. A las cosas \u00fatiles se les da un uso y es ese uso su raz\u00f3n de existir. El objeto art\u00edstico puede que sea el \u00fanico que se libra de esta coacci\u00f3n. Reclamar una mirada nueva; la que surge de liberar a los objetos de la funci\u00f3n para la que han sido ideados y construidos. Mirar de nuevo a todos y cada uno de los objetos como si fueran creaciones art\u00edsticas. \u00a1Uf! Ahora, en un santiam\u00e9n, se nos ha llenado el objeto de sugestiones y potencialidades: su forma, color y volumen parecen albergar una intenci\u00f3n pl\u00e1stica, su apariencia esconde una significaci\u00f3n, en su interior vive una met\u00e1fora. Este nuevo objeto parece tener la capacidad de aceptar o rechazar un c\u00f3digo de movimiento, un contexto po\u00e9tico,  y al igual que todo bicho viviente es apto para la representaci\u00f3n. Es tan f\u00e1cil como colocar el objeto elegido sobre una peana en medio de la amplia sala blanca de un museo de arte contempor\u00e1neo. O m\u00e1s f\u00e1cil todav\u00eda, d\u00e1rselo a un buen titiritero.<\/span><\/p>\n<p style=\"text-align: center;\"><span style=\"color: #ffcc99;\"><a href=\"https:\/\/bambalina.es\/\/wp-content\/uploads\/2010\/07\/IMG_6448_2_2.jpg\"><img loading=\"lazy\" decoding=\"async\" class=\"size-full wp-image-1048  aligncenter\" title=\"IMG_6448_2_2\" src=\"https:\/\/bambalina.es\/\/wp-content\/uploads\/2010\/07\/IMG_6448_2_2.jpg\" alt=\"\" width=\"297\" height=\"221\" \/><\/a><\/span><\/p>\n<p style=\"text-align: center;\"><span style=\"color: #ffcc99;\"><a href=\"https:\/\/bambalina.es\/\/wp-content\/uploads\/2010\/07\/IMG_6464_2.jpg\"><img loading=\"lazy\" decoding=\"async\" class=\"size-full wp-image-1049  aligncenter\" title=\"IMG_6464_2\" src=\"https:\/\/bambalina.es\/\/wp-content\/uploads\/2010\/07\/IMG_6464_2.jpg\" alt=\"\" width=\"301\" height=\"400\" \/><\/a><\/span><\/p>\n<p style=\"text-align: center;\"><span style=\"color: #ffcc99;\"><a href=\"https:\/\/bambalina.es\/\/wp-content\/uploads\/2010\/07\/IMG_6472.jpg\"><img loading=\"lazy\" decoding=\"async\" class=\"size-full wp-image-1050  aligncenter\" title=\"IMG_6472\" src=\"https:\/\/bambalina.es\/\/wp-content\/uploads\/2010\/07\/IMG_6472.jpg\" alt=\"\" width=\"296\" height=\"392\" \/><\/a><\/span><\/p>\n<p style=\"text-align: center;\"><span style=\"color: #ffcc99;\"><a href=\"https:\/\/bambalina.es\/\/wp-content\/uploads\/2010\/07\/IMG_6478.jpg\"><img loading=\"lazy\" decoding=\"async\" class=\"size-full wp-image-1051  aligncenter\" title=\"IMG_6478\" src=\"https:\/\/bambalina.es\/\/wp-content\/uploads\/2010\/07\/IMG_6478.jpg\" alt=\"\" width=\"291\" height=\"217\" \/><\/a><br \/>\n<\/span><\/p>\n","protected":false},"excerpt":{"rendered":"<p>Ando pescando ideas para alimentar un proyecto que pueda tener sentido en el marco del festival m\u00e1s interesante que se &#8230; <\/p>\n<p class=\"read-more-container\"><a title=\"PROYECTO VEO\" class=\"read-more button\" href=\"https:\/\/bambalina.es\/en\/proyectos-projectes\/proyecto-veo#more-1044\" aria-label=\"Read more about PROYECTO VEO\">Read more<\/a><\/p>\n","protected":false},"author":2,"featured_media":0,"comment_status":"open","ping_status":"open","sticky":false,"template":"","format":"standard","meta":{"_acf_changed":false,"footnotes":""},"categories":[9],"tags":[],"class_list":["post-1044","post","type-post","status-publish","format-standard","hentry","category-proyectos-projectes","infinite-scroll-item","generate-columns","tablet-grid-50","mobile-grid-100","grid-parent","grid-50"],"acf":[],"_links":{"self":[{"href":"https:\/\/bambalina.es\/en\/wp-json\/wp\/v2\/posts\/1044","targetHints":{"allow":["GET"]}}],"collection":[{"href":"https:\/\/bambalina.es\/en\/wp-json\/wp\/v2\/posts"}],"about":[{"href":"https:\/\/bambalina.es\/en\/wp-json\/wp\/v2\/types\/post"}],"author":[{"embeddable":true,"href":"https:\/\/bambalina.es\/en\/wp-json\/wp\/v2\/users\/2"}],"replies":[{"embeddable":true,"href":"https:\/\/bambalina.es\/en\/wp-json\/wp\/v2\/comments?post=1044"}],"version-history":[{"count":0,"href":"https:\/\/bambalina.es\/en\/wp-json\/wp\/v2\/posts\/1044\/revisions"}],"wp:attachment":[{"href":"https:\/\/bambalina.es\/en\/wp-json\/wp\/v2\/media?parent=1044"}],"wp:term":[{"taxonomy":"category","embeddable":true,"href":"https:\/\/bambalina.es\/en\/wp-json\/wp\/v2\/categories?post=1044"},{"taxonomy":"post_tag","embeddable":true,"href":"https:\/\/bambalina.es\/en\/wp-json\/wp\/v2\/tags?post=1044"}],"curies":[{"name":"wp","href":"https:\/\/api.w.org\/{rel}","templated":true}]}}