{"id":1351,"date":"2010-12-02T17:37:39","date_gmt":"2010-12-02T15:37:39","guid":{"rendered":"http:\/\/www.bambalina.es\/blog\/?p=1351"},"modified":"2016-06-28T16:31:42","modified_gmt":"2016-06-28T14:31:42","slug":"carmen-en-el-teatro-talia-de-valencia","status":"publish","type":"post","link":"https:\/\/bambalina.es\/en\/la-compania-la-companyia\/carmen-en-el-teatro-talia-de-valencia","title":{"rendered":"CARMEN en el Teatro Tal\u00eda de Valencia"},"content":{"rendered":"<p style=\"text-align: justify;\">Por fin tenemos ocasi\u00f3n, aunque s\u00f3lo sean 5 funciones, de presentar nuestro montaje en Valencia. Como ya lleva bastante tiempo circulando por festivales y programaciones todos sus componentes se han ido ajustado funci\u00f3n tras funci\u00f3n hasta llegar a conformar una propuesta precisa y compacta. Los tres int\u00e9rpretes: David, Merce y Josep, son los pricipales art\u00edfices de que en cada representaci\u00f3n se obre el milagro. Os invitamos a todos a que vengais a vernos y a que contribuyais\u00a0 en lo posible a difundir el acontecimiento. Ser\u00eda genial conseguir una buena afluencia de p\u00fablico. Ya os pod\u00e9is imaginar que con lo enrarecido del ambiente lo m\u00e1s importante para todos los que tenemos el privilegio de poder trabajar es sentir que no hemos perdido lo m\u00e1s sustancial: la conexi\u00f3n con el p\u00fablico.<\/p>\n<p style=\"text-align: justify;\">\n<p style=\"text-align: justify;\"><a href=\"https:\/\/bambalina.es\/\/wp-content\/uploads\/2010\/12\/download6.jpg\"><img loading=\"lazy\" decoding=\"async\" class=\"aligncenter size-full wp-image-1353\" title=\"download\" src=\"https:\/\/bambalina.es\/\/wp-content\/uploads\/2010\/12\/download6.jpg\" alt=\"\" width=\"626\" height=\"333\" \/><\/a><\/p>\n","protected":false},"excerpt":{"rendered":"<p>Por fin tenemos ocasi\u00f3n, aunque s\u00f3lo sean 5 funciones, de presentar nuestro montaje en Valencia. Como ya lleva bastante tiempo &#8230; <\/p>\n<p class=\"read-more-container\"><a title=\"CARMEN en el Teatro Tal\u00eda de Valencia\" class=\"read-more button\" href=\"https:\/\/bambalina.es\/en\/la-compania-la-companyia\/carmen-en-el-teatro-talia-de-valencia#more-1351\" aria-label=\"Read more about CARMEN en el Teatro Tal\u00eda de Valencia\">Read more<\/a><\/p>\n","protected":false},"author":2,"featured_media":0,"comment_status":"open","ping_status":"open","sticky":false,"template":"","format":"standard","meta":{"_acf_changed":false,"footnotes":""},"categories":[8],"tags":[],"class_list":["post-1351","post","type-post","status-publish","format-standard","hentry","category-la-compania-la-companyia","infinite-scroll-item","generate-columns","tablet-grid-50","mobile-grid-100","grid-parent","grid-50"],"acf":[],"_links":{"self":[{"href":"https:\/\/bambalina.es\/en\/wp-json\/wp\/v2\/posts\/1351","targetHints":{"allow":["GET"]}}],"collection":[{"href":"https:\/\/bambalina.es\/en\/wp-json\/wp\/v2\/posts"}],"about":[{"href":"https:\/\/bambalina.es\/en\/wp-json\/wp\/v2\/types\/post"}],"author":[{"embeddable":true,"href":"https:\/\/bambalina.es\/en\/wp-json\/wp\/v2\/users\/2"}],"replies":[{"embeddable":true,"href":"https:\/\/bambalina.es\/en\/wp-json\/wp\/v2\/comments?post=1351"}],"version-history":[{"count":0,"href":"https:\/\/bambalina.es\/en\/wp-json\/wp\/v2\/posts\/1351\/revisions"}],"wp:attachment":[{"href":"https:\/\/bambalina.es\/en\/wp-json\/wp\/v2\/media?parent=1351"}],"wp:term":[{"taxonomy":"category","embeddable":true,"href":"https:\/\/bambalina.es\/en\/wp-json\/wp\/v2\/categories?post=1351"},{"taxonomy":"post_tag","embeddable":true,"href":"https:\/\/bambalina.es\/en\/wp-json\/wp\/v2\/tags?post=1351"}],"curies":[{"name":"wp","href":"https:\/\/api.w.org\/{rel}","templated":true}]}}