{"id":1411,"date":"2011-01-09T13:06:41","date_gmt":"2011-01-09T11:06:41","guid":{"rendered":"http:\/\/www.bambalina.es\/blog\/?p=1411"},"modified":"2011-01-09T13:06:41","modified_gmt":"2011-01-09T11:06:41","slug":"post-navidad","status":"publish","type":"post","link":"https:\/\/bambalina.es\/en\/ideas-idees\/post-navidad","title":{"rendered":"POST-NAVIDAD"},"content":{"rendered":"<p><!-- p { margin-bottom: 0.21cm; } --><\/p>\n<p style=\"text-align: justify;\">Estas Navidades he estado fuera de ellas. Gran cosa que he hecho este a\u00f1o por primera vez en mi vida. Si como a mi me pasa, odias las navidades, es la mejor opci\u00f3n. Pero, ya estoy de regreso, como todos&#8230; Y para recuperar mi ser valenciano-teatral he de enlazar con lo que sucediera antes de desaparecer: entre otras cosas, la enrarecida gala de los premios anuales de las artes esc\u00e9nicas. Estoy viendo que nada qued\u00f3 registrado por aqu\u00ed de la pol\u00e9mica de este a\u00f1o. Para recuperar el pulso bloguero y dejar constancia de mi opini\u00f3n os dejo el enlace de un art\u00edculo con mi firma que se publico en el peri\u00f3dico Levante. Como lo que en \u00e9l se dice expresa con claridad mi opini\u00f3n al respecto creo que no vale la pena a\u00f1adir nada m\u00e1s.<\/p>\n<p><a href=\"http:\/\/www.levante-emv.com\/cultura\/2010\/12\/20\/premios-artes-escenicas-celebracion-clandestina\/767140.html\">Los premios de las artes esc\u00e9nicas: una celebraci\u00f3n clandestina<\/a><\/p>\n","protected":false},"excerpt":{"rendered":"<p>Estas Navidades he estado fuera de ellas. Gran cosa que he hecho este a\u00f1o por primera vez en mi vida. &#8230; <\/p>\n<p class=\"read-more-container\"><a title=\"POST-NAVIDAD\" class=\"read-more button\" href=\"https:\/\/bambalina.es\/en\/ideas-idees\/post-navidad#more-1411\" aria-label=\"Read more about POST-NAVIDAD\">Read more<\/a><\/p>\n","protected":false},"author":2,"featured_media":0,"comment_status":"open","ping_status":"open","sticky":false,"template":"","format":"standard","meta":{"_acf_changed":false,"footnotes":""},"categories":[10],"tags":[],"class_list":["post-1411","post","type-post","status-publish","format-standard","hentry","category-ideas-idees","infinite-scroll-item","generate-columns","tablet-grid-50","mobile-grid-100","grid-parent","grid-50"],"acf":[],"_links":{"self":[{"href":"https:\/\/bambalina.es\/en\/wp-json\/wp\/v2\/posts\/1411","targetHints":{"allow":["GET"]}}],"collection":[{"href":"https:\/\/bambalina.es\/en\/wp-json\/wp\/v2\/posts"}],"about":[{"href":"https:\/\/bambalina.es\/en\/wp-json\/wp\/v2\/types\/post"}],"author":[{"embeddable":true,"href":"https:\/\/bambalina.es\/en\/wp-json\/wp\/v2\/users\/2"}],"replies":[{"embeddable":true,"href":"https:\/\/bambalina.es\/en\/wp-json\/wp\/v2\/comments?post=1411"}],"version-history":[{"count":0,"href":"https:\/\/bambalina.es\/en\/wp-json\/wp\/v2\/posts\/1411\/revisions"}],"wp:attachment":[{"href":"https:\/\/bambalina.es\/en\/wp-json\/wp\/v2\/media?parent=1411"}],"wp:term":[{"taxonomy":"category","embeddable":true,"href":"https:\/\/bambalina.es\/en\/wp-json\/wp\/v2\/categories?post=1411"},{"taxonomy":"post_tag","embeddable":true,"href":"https:\/\/bambalina.es\/en\/wp-json\/wp\/v2\/tags?post=1411"}],"curies":[{"name":"wp","href":"https:\/\/api.w.org\/{rel}","templated":true}]}}