{"id":1687,"date":"2011-11-22T19:32:28","date_gmt":"2011-11-22T17:32:28","guid":{"rendered":"http:\/\/www.bambalina.es\/blog\/?p=1687"},"modified":"2016-06-28T16:32:55","modified_gmt":"2016-06-28T14:32:55","slug":"camarada-k-a-la-sala-carme-de-valencia","status":"publish","type":"post","link":"https:\/\/bambalina.es\/en\/ideas-idees\/camarada-k-a-la-sala-carme-de-valencia","title":{"rendered":"CAMARADA &#8220;K&#8221; A LA SALA CARME DE VAL\u00c8NCIA"},"content":{"rendered":"<p style=\"text-align: center;\"><a href=\"https:\/\/bambalina.es\/\/wp-content\/uploads\/2011\/11\/camarada-k-ruben-ballesterjpg-1072.jpg\"><img loading=\"lazy\" decoding=\"async\" class=\"size-full wp-image-1689  aligncenter\" title=\"camarada-k--ruben-ballesterjpg-1072\" src=\"https:\/\/bambalina.es\/\/wp-content\/uploads\/2011\/11\/camarada-k-ruben-ballesterjpg-1072.jpg\" alt=\"\" width=\"429\" height=\"285\" \/><\/a><\/p>\n<p style=\"text-align: justify;\">\n<p style=\"text-align: justify;\">Sentia molta curiositat per aquest espectacle produ\u00eft per la gent del Teatre del Mar, crec que va girant des-de el 2009 i ja m&#8217;havien arribat comentaris de que es tractava d&#8217;un muntatge que hi havia que veure. He anat aix\u00ed per primera vegada, aquesta temporada, a la Carme. Ho trobava a faltar per\u00f2 es que hem portat uns mesos molt complicats. Veritablement es tracta d&#8217;una pe\u00e7a impressionant, constru\u00efda sobre els textos, la vida i l&#8217;imaginari d&#8217;un escriptor rus quasi desconegut; Dani\u00efl Kharms, mort als 37 anys, de fam, a un hospital psiqui\u00e0tric de la Rusia que governava un dels s\u00e0trapes m\u00e9s t\u00e8rbols i sanguinaris del segle XX: Stalin.<\/p>\n<p style=\"text-align: justify;\">Hi ha de fons un treball molt acurat de fusteria teatral, he trobat una coher\u00e8ncia absoluta en tots els elements que conflu\u00efxen en escena, fins i tot s&#8217;han afegit la pr\u00f2pia sala amb les seues particularitats ambientals i el p\u00fablic, esc\u00e0s i pertinent. Tot s&#8217;encaixa amb intu\u00eftiva precisi\u00f3: les constants evocacions metaf\u00f2riques sorgides del text, la est\u00e8tica de la interpretaci\u00f3 que els actors recreen, la depurada dramat\u00fargia, un sentit just de l&#8217;espai teatral que juga amb senzillesa i intel\u00b7lig\u00e8ncia amb la llum i els elements escenogr\u00e0fics&#8230; I uns actors prodigiosos, que aconseguixen una intensitat ins\u00f2lita en portar al limit una manera de dir i estar boja i dislocada que expressa a la perfecci\u00f3 l&#8217;estat d&#8217;alienaci\u00f3 i angoixa que segurament va patir aquest escriptor aniquilat pels b\u00e0rbars amb una crueltat inqualificable.<\/p>\n<p style=\"text-align: justify;\">Un gran treball del dramatug i director Joan Carles Bellviure i dels actors Sergi baos, Margalida Grimalt i Joan Manel Vadell.<\/p>\n<p style=\"text-align: justify;\">[youtube]http:\/\/www.youtube.com\/watch?v=qr122rafJJA&amp;feature=player_embedded[\/youtube]<\/p>\n","protected":false},"excerpt":{"rendered":"<p>Sentia molta curiositat per aquest espectacle produ\u00eft per la gent del Teatre del Mar, crec que va girant des-de el &#8230; <\/p>\n<p class=\"read-more-container\"><a title=\"CAMARADA &#8220;K&#8221; A LA SALA CARME DE VAL\u00c8NCIA\" class=\"read-more button\" href=\"https:\/\/bambalina.es\/en\/ideas-idees\/camarada-k-a-la-sala-carme-de-valencia#more-1687\" aria-label=\"Read more about CAMARADA &#8220;K&#8221; A LA SALA CARME DE VAL\u00c8NCIA\">Read more<\/a><\/p>\n","protected":false},"author":2,"featured_media":0,"comment_status":"open","ping_status":"open","sticky":false,"template":"","format":"standard","meta":{"_acf_changed":false,"footnotes":""},"categories":[10],"tags":[],"class_list":["post-1687","post","type-post","status-publish","format-standard","hentry","category-ideas-idees","infinite-scroll-item","generate-columns","tablet-grid-50","mobile-grid-100","grid-parent","grid-50"],"acf":[],"_links":{"self":[{"href":"https:\/\/bambalina.es\/en\/wp-json\/wp\/v2\/posts\/1687","targetHints":{"allow":["GET"]}}],"collection":[{"href":"https:\/\/bambalina.es\/en\/wp-json\/wp\/v2\/posts"}],"about":[{"href":"https:\/\/bambalina.es\/en\/wp-json\/wp\/v2\/types\/post"}],"author":[{"embeddable":true,"href":"https:\/\/bambalina.es\/en\/wp-json\/wp\/v2\/users\/2"}],"replies":[{"embeddable":true,"href":"https:\/\/bambalina.es\/en\/wp-json\/wp\/v2\/comments?post=1687"}],"version-history":[{"count":0,"href":"https:\/\/bambalina.es\/en\/wp-json\/wp\/v2\/posts\/1687\/revisions"}],"wp:attachment":[{"href":"https:\/\/bambalina.es\/en\/wp-json\/wp\/v2\/media?parent=1687"}],"wp:term":[{"taxonomy":"category","embeddable":true,"href":"https:\/\/bambalina.es\/en\/wp-json\/wp\/v2\/categories?post=1687"},{"taxonomy":"post_tag","embeddable":true,"href":"https:\/\/bambalina.es\/en\/wp-json\/wp\/v2\/tags?post=1687"}],"curies":[{"name":"wp","href":"https:\/\/api.w.org\/{rel}","templated":true}]}}