{"id":304,"date":"2008-08-16T20:26:51","date_gmt":"2008-08-16T18:26:51","guid":{"rendered":"http:\/\/www.bambalina.es\/blog\/?p=304"},"modified":"2016-06-28T16:27:28","modified_gmt":"2016-06-28T14:27:28","slug":"juanfran-no-quiere-vacaciones","status":"publish","type":"post","link":"https:\/\/bambalina.es\/en\/amigos-amics\/juanfran-no-quiere-vacaciones","title":{"rendered":"JUANFRAN NO QUIERE VACACIONES"},"content":{"rendered":"<p align=\"justify\">Los actores y las vacaciones se llevan muy mal, fatal, es una palabra que no se pronuncia, casi un eufemismo de &#8220;estoy en el paro&#8221;. Juanfran es un ejemplo, no se disuelve en esa mezcla, lo metes en una cacerola de vacaciones y \u00e9l siempre flota por encima, aunque lo pongas al ba\u00f1o de Maria o al de Pepita o al de Conch\u00edn. Creo que \u00e9l y yo debemos ser los \u00fanicos que conectamos el ordenador este mes de agosto. La mayor\u00eda de people tambi\u00e9n relaciona esto del ordenador con el trabajo. Como siento noto y percibo que este blog en agosto solo tiene un \u00fanico visitador he pensado p\u00e9rfidamente dedicarle un \u00e1lbum-post al sujeto-actor-ilicitano en cuesti\u00f3n para que se mire un poco en el espejo este de pacotilla&#8230; Ay, perd\u00f3n! de Franciscotilla, que es el nombre con el que lo tengo en el m\u00f3bil. Ya s\u00e9 que no se entiende nada, humor de cactus del huerto del cura a lo <font color=\"#00ff00\"><strong>Juanfranking<\/strong><\/font>, como sus comentarios molan tanto ya me copio mogoll\u00f3n. Un beso en la calvicie tron y a ver si nos echamos unas birrillas por encima para aliviarnos el calor este isoportable verano antes de que se acaban estas no-vacaciones de mierdra.<strong> OLRRAITTTT!<\/strong><\/p>\n<p align=\"center\"><a href=\"https:\/\/bambalina.es\/\/wp-content\/uploads\/2008\/08\/img_2644_2.jpg\" title=\"img_2644_2.jpg\"><img loading=\"lazy\" decoding=\"async\" src=\"https:\/\/bambalina.es\/\/wp-content\/uploads\/2008\/08\/img_2644_2.jpg\" alt=\"img_2644_2.jpg\" height=\"327\" width=\"358\" \/><\/a><\/p>\n<p align=\"center\">&nbsp;<\/p>\n<p align=\"center\"><a href=\"https:\/\/bambalina.es\/\/wp-content\/uploads\/2008\/08\/img_2492_2.jpg\" title=\"img_2492_2.jpg\"><img loading=\"lazy\" decoding=\"async\" src=\"https:\/\/bambalina.es\/\/wp-content\/uploads\/2008\/08\/img_2492_2.jpg\" alt=\"img_2492_2.jpg\" height=\"326\" width=\"362\" \/><\/a><\/p>\n<p align=\"center\">&nbsp;<\/p>\n<p align=\"center\"><a href=\"https:\/\/bambalina.es\/\/wp-content\/uploads\/2008\/08\/img_2672.jpg\" title=\"img_2672.jpg\"><img loading=\"lazy\" decoding=\"async\" src=\"https:\/\/bambalina.es\/\/wp-content\/uploads\/2008\/08\/img_2672.jpg\" alt=\"img_2672.jpg\" height=\"341\" width=\"363\" \/><\/a><\/p>\n","protected":false},"excerpt":{"rendered":"<p>Los actores y las vacaciones se llevan muy mal, fatal, es una palabra que no se pronuncia, casi un eufemismo &#8230; <\/p>\n<p class=\"read-more-container\"><a title=\"JUANFRAN NO QUIERE VACACIONES\" class=\"read-more button\" href=\"https:\/\/bambalina.es\/en\/amigos-amics\/juanfran-no-quiere-vacaciones#more-304\" aria-label=\"Read more about JUANFRAN NO QUIERE VACACIONES\">Read more<\/a><\/p>\n","protected":false},"author":2,"featured_media":0,"comment_status":"open","ping_status":"open","sticky":false,"template":"","format":"standard","meta":{"_acf_changed":false,"footnotes":""},"categories":[12],"tags":[],"class_list":["post-304","post","type-post","status-publish","format-standard","hentry","category-amigos-amics","infinite-scroll-item","generate-columns","tablet-grid-50","mobile-grid-100","grid-parent","grid-50"],"acf":[],"_links":{"self":[{"href":"https:\/\/bambalina.es\/en\/wp-json\/wp\/v2\/posts\/304","targetHints":{"allow":["GET"]}}],"collection":[{"href":"https:\/\/bambalina.es\/en\/wp-json\/wp\/v2\/posts"}],"about":[{"href":"https:\/\/bambalina.es\/en\/wp-json\/wp\/v2\/types\/post"}],"author":[{"embeddable":true,"href":"https:\/\/bambalina.es\/en\/wp-json\/wp\/v2\/users\/2"}],"replies":[{"embeddable":true,"href":"https:\/\/bambalina.es\/en\/wp-json\/wp\/v2\/comments?post=304"}],"version-history":[{"count":0,"href":"https:\/\/bambalina.es\/en\/wp-json\/wp\/v2\/posts\/304\/revisions"}],"wp:attachment":[{"href":"https:\/\/bambalina.es\/en\/wp-json\/wp\/v2\/media?parent=304"}],"wp:term":[{"taxonomy":"category","embeddable":true,"href":"https:\/\/bambalina.es\/en\/wp-json\/wp\/v2\/categories?post=304"},{"taxonomy":"post_tag","embeddable":true,"href":"https:\/\/bambalina.es\/en\/wp-json\/wp\/v2\/tags?post=304"}],"curies":[{"name":"wp","href":"https:\/\/api.w.org\/{rel}","templated":true}]}}