{"id":315,"date":"2008-09-17T17:38:48","date_gmt":"2008-09-17T15:38:48","guid":{"rendered":"http:\/\/www.bambalina.es\/blog\/?p=315"},"modified":"2016-06-28T16:27:28","modified_gmt":"2016-06-28T14:27:28","slug":"recerca","status":"publish","type":"post","link":"https:\/\/bambalina.es\/en\/ideas-idees\/recerca","title":{"rendered":"RECERCA"},"content":{"rendered":"<p align=\"justify\">S\u00e9 que el meu organisme \u00e9s complexe. Ho \u00e9s tant que no entenc la majoria dels seus processos. Dec tenir radars, antenes y decodificadors microsc\u00f2pics instal\u00b7lats als meus cabells, la meua retina, l&#8217;oida interna o fins i tot al prepuci. Jo no veig aquestes eines per\u00f2 note quant s&#8217;activen. Quotidianament hi son treballant en funci\u00f3 autom\u00e0tica. De vegades em pare a contemplar alguna imatge, processar un pensament o analitzar una emoci\u00f3 i amb les revolucions estabilitzades en ralent\u00ed no veig m\u00e9s enll\u00e0 del que cabria esperar veure. Arribat aquest punt, si aspire a trascendir la primera impressi\u00f3, em concentre, desconnecte totes les funcions accesories, augmente al m\u00e0xim les revolucions i focalitze tota la meua energia comprenedora o integradora en la imatge o el pensament objecte de la meua atenci\u00f3 art\u00edstica&#8230; aleshores, de vegades, experimente una esp\u00e8cie&#8230; (De subtil rebel\u00b7laci\u00f3, epifania d&#8217;anar per casa. No s\u00e9 com dir-ho&#8230; Il\u00b7uminaci\u00f3 d&#8217;aquelles que et venen quant est\u00e0s sentat al v\u00e0ter o conduint per l&#8217;autopista) &#8230; que em proporciona una\u00a0 perspectiva que se m&#8217;antoixa, unes vegades, una mica visionaria , i d&#8217;altres, senzillament, sent que comprenc, en el sentit pur i elemental de la paraula , all\u00f2 que observe. Si, \u00e9s una palla mental, l&#8217;orgasme o l&#8217;ejaculaci\u00f3 que li correspon \u00e9s aquesta foto que acompanya el comentari-disbarat. S\u00e9, gr\u00e0cies a aquesta operaci\u00f3 que he intentat explicar ad\u00e9s, que aquesta imatge proposa una visi\u00f3 suggeridora i representativa\u00a0 del nostre moment. Tot plegat pot ser sone una mica pretenci\u00f3s. Ho sent si \u00e9s aix\u00ed. Buscant, buscant, de vegades et desorientes. Aquests dies dic i escric moltes ximpleries. Et poses cerca que te cercar\u00e0s i &#8230;<\/p>\n<p align=\"center\"><a href=\"https:\/\/bambalina.es\/\/wp-content\/uploads\/2008\/09\/img_3342.jpg\" title=\"img_3342.jpg\"><img decoding=\"async\" src=\"https:\/\/bambalina.es\/\/wp-content\/uploads\/2008\/09\/img_3342.jpg\" alt=\"img_3342.jpg\" \/><\/a><\/p>\n","protected":false},"excerpt":{"rendered":"<p>S\u00e9 que el meu organisme \u00e9s complexe. Ho \u00e9s tant que no entenc la majoria dels seus processos. Dec tenir &#8230; <\/p>\n<p class=\"read-more-container\"><a title=\"RECERCA\" class=\"read-more button\" href=\"https:\/\/bambalina.es\/en\/ideas-idees\/recerca#more-315\" aria-label=\"Read more about RECERCA\">Read more<\/a><\/p>\n","protected":false},"author":2,"featured_media":0,"comment_status":"open","ping_status":"open","sticky":false,"template":"","format":"standard","meta":{"_acf_changed":false,"footnotes":""},"categories":[10],"tags":[],"class_list":["post-315","post","type-post","status-publish","format-standard","hentry","category-ideas-idees","infinite-scroll-item","generate-columns","tablet-grid-50","mobile-grid-100","grid-parent","grid-50"],"acf":[],"_links":{"self":[{"href":"https:\/\/bambalina.es\/en\/wp-json\/wp\/v2\/posts\/315","targetHints":{"allow":["GET"]}}],"collection":[{"href":"https:\/\/bambalina.es\/en\/wp-json\/wp\/v2\/posts"}],"about":[{"href":"https:\/\/bambalina.es\/en\/wp-json\/wp\/v2\/types\/post"}],"author":[{"embeddable":true,"href":"https:\/\/bambalina.es\/en\/wp-json\/wp\/v2\/users\/2"}],"replies":[{"embeddable":true,"href":"https:\/\/bambalina.es\/en\/wp-json\/wp\/v2\/comments?post=315"}],"version-history":[{"count":0,"href":"https:\/\/bambalina.es\/en\/wp-json\/wp\/v2\/posts\/315\/revisions"}],"wp:attachment":[{"href":"https:\/\/bambalina.es\/en\/wp-json\/wp\/v2\/media?parent=315"}],"wp:term":[{"taxonomy":"category","embeddable":true,"href":"https:\/\/bambalina.es\/en\/wp-json\/wp\/v2\/categories?post=315"},{"taxonomy":"post_tag","embeddable":true,"href":"https:\/\/bambalina.es\/en\/wp-json\/wp\/v2\/tags?post=315"}],"curies":[{"name":"wp","href":"https:\/\/api.w.org\/{rel}","templated":true}]}}