{"id":320,"date":"2008-10-01T10:56:00","date_gmt":"2008-10-01T08:56:00","guid":{"rendered":"http:\/\/www.bambalina.es\/blog\/?p=320"},"modified":"2016-06-28T16:27:34","modified_gmt":"2016-06-28T14:27:34","slug":"canada-festival-des-arts-de-la-marionete","status":"publish","type":"post","link":"https:\/\/bambalina.es\/en\/la-compania-la-companyia\/canada-festival-des-arts-de-la-marionete","title":{"rendered":"CANAD\u00c1 (Festival des Arts de la Marionnette)"},"content":{"rendered":"<p><font color=\"#993366\"><strong>&#8230; Seg\u00fan Merce:<\/strong><\/font><\/p>\n<p id=\"yiv1223159663\" align=\"justify\">Canad\u00e1! Ese lindo pa\u00eds lleno de abetos, lagos&#8230;abetos&#8230;m\u00e1s lagos&#8230;y fr\u00edo, mucho fr\u00edo. Uno de esos lugares en los que piensas dejar de fumar por no salir tres minutos a la calle. La verdad es que yo estoy very happy porque a pesar de hacer 26horas de viaje para acabar en el miravete de la sierra quevequ\u00e1 (el pueblo donde nunca pasa nada), hemos visto mucho teatro bueno y hemos conocido mucha gente. De all\u00ed unos pocos, que la verdad es que el fr\u00edo que soportan esos cuerpos afrancesados no les permite poder relacionarse demasiado. Pero no problem for us,en unos d\u00edas\u00a0fundamos\u00a0 el guetto latino formado por los grandes gemelos argentinos, dos mejicanos y un pu\u00f1ado de italianos y cantando y bailando fuimos pasando las horas.<\/p>\n<p id=\"yiv1223159663\" align=\"center\"><img loading=\"lazy\" decoding=\"async\" src=\"https:\/\/bambalina.es\/\/wp-content\/uploads\/2008\/10\/dscf1325.jpg\" alt=\"dscf1325.JPG\" height=\"239\" width=\"317\" \/><img loading=\"lazy\" decoding=\"async\" src=\"https:\/\/bambalina.es\/\/wp-content\/uploads\/2008\/10\/dscf1317.jpg\" alt=\"dscf1317.JPG\" height=\"239\" width=\"315\" \/><\/p>\n<p align=\"justify\">Las dos cosas que m\u00e1s me dejaron fascinadas fueron las israel\u00edes con las marionetas de medio cuerpo&#8230;jaumeeee, yo quiero hacer eso!!!! y&#8230;los impresionantes le\u00f1adores de Alberta. Como en las pel\u00edculas! con sus barbas, su gorro de lana&#8230;y con un expectaculo de humor negro sobre escenas de muertes de marionetas. Y es que parece que los metros de hielo y nieve que caen en esos lugares no congelan el cerebelo sino que tienen m\u00e1s tiempo para encerrados en la caba\u00f1a desarrollar el ingenio canadiense.En fin, que nos lo hemos pasado bien, a pesar de que nos perdieron una maleta y estuvimos a punto de suministrarnos el material en las tiendas de jonqui\u00e9re (ue seguro que ten\u00edan hasta el flexat\u00f3n,je,je) y que yo ya estaba pensando en cortarle las rastas al Melendi tuviera o no la culpa por cantar tan mal. Adem\u00e1s, mientras \u00e1ngels, la pobre, hac\u00eda 300 kil\u00f3metros para recogerla finalmente, nosotros nos fuimos de excursi\u00f3n con nuestro t\u00edo Jack a ver el fiordo de Saguenay y tras un empacho de patatas fr\u00edtas con cheddar y chocolate caliente nos volvimos muy contentos hacia Jonqui\u00e8re. Y con esto y un bizcocho&#8230;<\/p>\n<p align=\"center\"><a href=\"https:\/\/bambalina.es\/\/wp-content\/uploads\/2008\/10\/dscf1344.jpg\" title=\"dscf1344.JPG\"><img loading=\"lazy\" decoding=\"async\" src=\"https:\/\/bambalina.es\/\/wp-content\/uploads\/2008\/10\/dscf1344.jpg\" alt=\"dscf1344.JPG\" height=\"325\" width=\"433\" \/><\/a><\/p>\n<p>(A la espera de que llegue alguna foto de la experiencia canadiense aqu\u00ed pongo unas im\u00e1genes de la compa\u00f1\u00eda israelita Jael y Revital con la que coincidieron nuestros intr\u00e9pidos Kraferos en el pa\u00eds del jarabe de arce)<\/p>\n<p style=\"text-align: center\"><img loading=\"lazy\" decoding=\"async\" src=\"https:\/\/bambalina.es\/\/wp-content\/uploads\/2008\/10\/yael_revital11.jpg\" alt=\"yael_revital11.jpg\" height=\"283\" width=\"396\" \/><\/p>\n<p style=\"text-align: center\">&nbsp;<\/p>\n<p style=\"text-align: center\">&nbsp;<\/p>\n<p><script type=\"text\/javascript\">         hasEML = false;     <\/script> <script type=\"text\/javascript\"> <!--     gLaunchProfile.stop(\"T4\"); -->     <\/script> <script type=\"text\/javascript\"> <!--     gLaunchProfile.start(\"T6\"); -->     <\/script><\/p>\n","protected":false},"excerpt":{"rendered":"<p>&#8230; Seg\u00fan Merce: Canad\u00e1! Ese lindo pa\u00eds lleno de abetos, lagos&#8230;abetos&#8230;m\u00e1s lagos&#8230;y fr\u00edo, mucho fr\u00edo. Uno de esos lugares en &#8230; <\/p>\n<p class=\"read-more-container\"><a title=\"CANAD\u00c1 (Festival des Arts de la Marionnette)\" class=\"read-more button\" href=\"https:\/\/bambalina.es\/en\/la-compania-la-companyia\/canada-festival-des-arts-de-la-marionete#more-320\" aria-label=\"Read more about CANAD\u00c1 (Festival des Arts de la Marionnette)\">Read more<\/a><\/p>\n","protected":false},"author":2,"featured_media":0,"comment_status":"open","ping_status":"open","sticky":false,"template":"","format":"standard","meta":{"_acf_changed":false,"footnotes":""},"categories":[8],"tags":[],"class_list":["post-320","post","type-post","status-publish","format-standard","hentry","category-la-compania-la-companyia","infinite-scroll-item","generate-columns","tablet-grid-50","mobile-grid-100","grid-parent","grid-50"],"acf":[],"_links":{"self":[{"href":"https:\/\/bambalina.es\/en\/wp-json\/wp\/v2\/posts\/320","targetHints":{"allow":["GET"]}}],"collection":[{"href":"https:\/\/bambalina.es\/en\/wp-json\/wp\/v2\/posts"}],"about":[{"href":"https:\/\/bambalina.es\/en\/wp-json\/wp\/v2\/types\/post"}],"author":[{"embeddable":true,"href":"https:\/\/bambalina.es\/en\/wp-json\/wp\/v2\/users\/2"}],"replies":[{"embeddable":true,"href":"https:\/\/bambalina.es\/en\/wp-json\/wp\/v2\/comments?post=320"}],"version-history":[{"count":0,"href":"https:\/\/bambalina.es\/en\/wp-json\/wp\/v2\/posts\/320\/revisions"}],"wp:attachment":[{"href":"https:\/\/bambalina.es\/en\/wp-json\/wp\/v2\/media?parent=320"}],"wp:term":[{"taxonomy":"category","embeddable":true,"href":"https:\/\/bambalina.es\/en\/wp-json\/wp\/v2\/categories?post=320"},{"taxonomy":"post_tag","embeddable":true,"href":"https:\/\/bambalina.es\/en\/wp-json\/wp\/v2\/tags?post=320"}],"curies":[{"name":"wp","href":"https:\/\/api.w.org\/{rel}","templated":true}]}}