{"id":380,"date":"2008-11-19T13:16:02","date_gmt":"2008-11-19T11:16:02","guid":{"rendered":"http:\/\/www.bambalina.es\/blog\/?p=380"},"modified":"2016-06-28T16:27:55","modified_gmt":"2016-06-28T14:27:55","slug":"angeles-con-quijote-en-ankara","status":"publish","type":"post","link":"https:\/\/bambalina.es\/en\/la-compania-la-companyia\/angeles-con-quijote-en-ankara","title":{"rendered":"\u00c0ngeles con Quijote en Ankara"},"content":{"rendered":"<p align=\"justify\">Esta es la segunda vez que viajo a <font color=\"#ff9900\">Ankara<\/font> este a\u00f1o. Me estren\u00e9 con los <strong><font color=\"#ff9900\">\u201ckrafts\u201d<\/font><\/strong> hace unos meses y es curioso descubrir como una misma ciudad puede ser tan diferente s\u00f3lo por el hecho de compartirla con otros. Como David y \u00c1ngel han prometido \u201ccubrir\u201d la experiencia con un post propio prefiero que sean ellos quienes ofrezcan su mirada m\u00e1s \u201cvirgen\u201d. As\u00ed que me centrar\u00e9 en c\u00f3mo aqu\u00ed Angeles, mujer, occidental independiente-autosuficiente y tour manager que ejerce de algo parecido a <strong><font color=\"#ff9900\">\u201cjefa\u201d<\/font><\/strong> en las giras (aunque la realidad es que cualquier decisi\u00f3n se toma por mayor\u00eda democr\u00e1tica), sent\u00ed en un pa\u00eds en el que por televisi\u00f3n pixelan el trozo de imagen en el que se pueda ver a una mujer fumando. En general trato de ser bastante respetuosa con las culturas de aquellos pa\u00edses que visitamos, incluso en aquellos en los que es totalmente opuesta a la m\u00eda. En Pakist\u00e1n haciendo cola para entrar al ba\u00f1o tuve que aguantar que las mismas mujeres me llamaran puta y, a\u00fan as\u00ed, tan s\u00f3lo les ped\u00ed que me trataran con el\u00a0 mismo respeto que yo demostraba hacia ellas a pesar de lo que pudiera pensar.<\/p>\n<p align=\"justify\">&nbsp;<\/p>\n<p align=\"center\"><img loading=\"lazy\" decoding=\"async\" src=\"https:\/\/bambalina.es\/\/wp-content\/uploads\/2008\/11\/13112008.jpg\" alt=\"13112008.jpg\" height=\"277\" width=\"208\" \/><img loading=\"lazy\" decoding=\"async\" src=\"https:\/\/bambalina.es\/\/wp-content\/uploads\/2008\/11\/13112008010.jpg\" alt=\"13112008010.jpg\" height=\"277\" width=\"219\" \/><a href=\"https:\/\/bambalina.es\/\/wp-content\/uploads\/2008\/11\/13112008009.jpg\" title=\"13112008009.jpg\"><img loading=\"lazy\" decoding=\"async\" src=\"https:\/\/bambalina.es\/\/wp-content\/uploads\/2008\/11\/13112008009.jpg\" alt=\"13112008009.jpg\" height=\"275\" width=\"209\" \/><\/a><\/p>\n<p align=\"justify\">\u00a0<!--more--><\/p>\n<p align=\"justify\">Esta vez, y a pesar de intentar que no me afectara y no responder ante ello, me he vuelto a sentir agredida. Supongo que es la respuesta natural a la \u201cagresi\u00f3n\u201d que yo, por el solo hecho de ser mujer \u201cliberada\u201d puedo provocar en algunos. No me sent\u00ed mal por obligarnos a cenar separados del resto del bar, en el piso de arriba, donde otra mujer cenaba completamente sola. Lo entiendo. Lo acepto. Es la mirada que acompa\u00f1a el gesto. El desprecio. No me conocen. No se puede despreciar lo que no conoces. No es justo. Cenamos r\u00e1pido y, con rabia acumulada, pagu\u00e9 yo la cena. La m\u00eda y la de los 2 \u201chombres\u201d que me acompa\u00f1aban. Otra vez la mirada del camarero. Y la de los dem\u00e1s hombres al bajar. Ah\u00ed me sali\u00f3 la vena chula, desafiante, segura de m\u00ed misma. Y ni Norma Duval bajando las escaleras del Moulin Rouge en sus mejores tiempos! Supongo que por eso 5 minutos despu\u00e9s terminamos en un bar de putas, tomando una cerveza, confraternizando con el gerente y esta vez siendo yo la que proteg\u00eda a mis hombres del posible acoso de las carnosas y voluptuosas turcas que miraban con ojillos deseosos a, lo juro!, lo m\u00e1s apetecible del local.<br \/>\nY por \u00faltimo la desesperaci\u00f3n de enfrentarse, ya profesionalmente y durante el montaje del espect\u00e1culo, a un equipo (todo hombres, of course) que con la excusa del idioma prefiere no entender, con la excusa del \u201cno sab\u00edamos\u201d prefiere discutir y con la excusa de \u201cah, no es mi responsabilidad\u201d no toma decisiones. As\u00ed que al grito de \u201cNo sound, no show!\u201d y ayudada por Pilin (la fant\u00e1stica mujercita que s\u00f3lo por el hecho de hablar ingl\u00e9s se comi\u00f3 todo el marr\u00f3n) la hasta entonces negociaci\u00f3n se convirti\u00f3 en la exigencia m\u00e1s absoluta y dictatorial. Aqu\u00ed he de decir que no estoy segura de si ser mujer condicion\u00f3 o no el proceso. S\u00f3lo s\u00e9 que hasta que no saqu\u00e9 mi lado m\u00e1s masculino (d\u00edcese agresivo-exigente) nadie reaccion\u00f3. O igual ya tengo la mirada muy condicionada.<br \/>\nFinalmente, y como casi siempre, todo termin\u00f3 bien, con el p\u00fablico emocionado (casi 1.000 personas!) y todos contentos. Sobre todo, no me cansar\u00e9 nunca de repetirlo, por la incre\u00edble entrega de David y F\u00edgols y la capacidad de hacer su trabajo de forma magn\u00edfica a pesar de las dificultades con las que, lamentablemente, se encuentran algunas veces. Sorry amigus!<br \/>\nAh, tambi\u00e9n he de se\u00f1alar que esa misma noche me reconcili\u00e9 con los hombres turcos. <strong><font color=\"#ff9900\">Gracias a uno muy guapo<\/font><\/strong>. Que tambi\u00e9n lo son&#8230; Y mucho.<\/p>\n<p align=\"center\"><img loading=\"lazy\" decoding=\"async\" src=\"https:\/\/bambalina.es\/\/wp-content\/uploads\/2008\/11\/13112008007.jpg\" alt=\"13112008007.jpg\" height=\"228\" width=\"303\" \/><a href=\"https:\/\/bambalina.es\/\/wp-content\/uploads\/2008\/11\/13112008001.jpg\" title=\"13112008001.jpg\"><img loading=\"lazy\" decoding=\"async\" src=\"https:\/\/bambalina.es\/\/wp-content\/uploads\/2008\/11\/13112008001.jpg\" alt=\"13112008001.jpg\" height=\"226\" width=\"291\" \/><\/a><\/p>\n","protected":false},"excerpt":{"rendered":"<p>Esta es la segunda vez que viajo a Ankara este a\u00f1o. Me estren\u00e9 con los \u201ckrafts\u201d hace unos meses y &#8230; <\/p>\n<p class=\"read-more-container\"><a title=\"\u00c0ngeles con Quijote en Ankara\" class=\"read-more button\" href=\"https:\/\/bambalina.es\/en\/la-compania-la-companyia\/angeles-con-quijote-en-ankara#more-380\" aria-label=\"Read more about \u00c0ngeles con Quijote en Ankara\">Read more<\/a><\/p>\n","protected":false},"author":2,"featured_media":0,"comment_status":"open","ping_status":"open","sticky":false,"template":"","format":"standard","meta":{"_acf_changed":false,"footnotes":""},"categories":[8],"tags":[],"class_list":["post-380","post","type-post","status-publish","format-standard","hentry","category-la-compania-la-companyia","infinite-scroll-item","generate-columns","tablet-grid-50","mobile-grid-100","grid-parent","grid-50"],"acf":[],"_links":{"self":[{"href":"https:\/\/bambalina.es\/en\/wp-json\/wp\/v2\/posts\/380","targetHints":{"allow":["GET"]}}],"collection":[{"href":"https:\/\/bambalina.es\/en\/wp-json\/wp\/v2\/posts"}],"about":[{"href":"https:\/\/bambalina.es\/en\/wp-json\/wp\/v2\/types\/post"}],"author":[{"embeddable":true,"href":"https:\/\/bambalina.es\/en\/wp-json\/wp\/v2\/users\/2"}],"replies":[{"embeddable":true,"href":"https:\/\/bambalina.es\/en\/wp-json\/wp\/v2\/comments?post=380"}],"version-history":[{"count":0,"href":"https:\/\/bambalina.es\/en\/wp-json\/wp\/v2\/posts\/380\/revisions"}],"wp:attachment":[{"href":"https:\/\/bambalina.es\/en\/wp-json\/wp\/v2\/media?parent=380"}],"wp:term":[{"taxonomy":"category","embeddable":true,"href":"https:\/\/bambalina.es\/en\/wp-json\/wp\/v2\/categories?post=380"},{"taxonomy":"post_tag","embeddable":true,"href":"https:\/\/bambalina.es\/en\/wp-json\/wp\/v2\/tags?post=380"}],"curies":[{"name":"wp","href":"https:\/\/api.w.org\/{rel}","templated":true}]}}