{"id":403,"date":"2008-11-25T22:43:22","date_gmt":"2008-11-25T20:43:22","guid":{"rendered":"http:\/\/www.bambalina.es\/blog\/?p=403"},"modified":"2016-06-28T16:28:03","modified_gmt":"2016-06-28T14:28:03","slug":"olga-poliakoff","status":"publish","type":"post","link":"https:\/\/bambalina.es\/en\/amigos-amics\/olga-poliakoff","title":{"rendered":"OLGA POLIAKOFF"},"content":{"rendered":"<p align=\"justify\">Esta ma\u00f1ana, ojeando el peri\u00f3dico, me he tropezado con una triste noticia: Olga Poliakoff hab\u00eda muerto. Hace un par de semanas que la hab\u00eda visto en la mesa de al lado, rodeada de amigos, en el Cafet\u00edn. Yo estaba con Juanfran tomando una cerveza despu\u00e9s de ver <em>Tres sombreros de copa<\/em>. Qu\u00e9 extra\u00f1a es la vida. Justo ese d\u00eda creo recordar que comentamos que empezaba a perec\u00e9rsele a Blanquita. Hay personas que son gente, son un poco todos, de todos, para todos\u2026 Como las aceras de la calle. Ella era el alma del barrio del Carmen, intrincado e irreal\u2026 De todos y de nadie. La recuerdo en <em>Alice<\/em> con la <em>Lindsay Kemp Company<\/em>, en el <em>Carnaval de los animales<\/em> con <em>Vaganovos<\/em> (aqu\u00ed tambi\u00e9s sal\u00eda Josep Solbes), en el Hall del teatro Principal con sus incalificables atuendos; la m\u00e1s incre\u00edble, siempre la m\u00e1s libre. Ros\u00e1ngeles Valls hablaba un d\u00eda, ya hace muchos a\u00f1os, del tiempo en el que ambas andaban por Par\u00eds buscando y viviendo danza, no hubo quien consiguiera aproximarse a su audacia en el vestir ni en todo lo dem\u00e1s. He le\u00eddo por Internet que andaba preparando algo con Juli Disla, espero que el proyecto a\u00fan pueda cristalizar de alguna manera. \u00bfD\u00f3nde iremos ahora las noches de alegr\u00eda y desesperaci\u00f3n?<\/p>\n<p align=\"center\"><a href=\"https:\/\/bambalina.es\/\/wp-content\/uploads\/2008\/11\/a-5.jpg\" title=\"a-5.JPG\"><img loading=\"lazy\" decoding=\"async\" src=\"https:\/\/bambalina.es\/\/wp-content\/uploads\/2008\/11\/a-5.jpg\" alt=\"a-5.JPG\" height=\"243\" width=\"362\" \/><\/a><\/p>\n","protected":false},"excerpt":{"rendered":"<p>Esta ma\u00f1ana, ojeando el peri\u00f3dico, me he tropezado con una triste noticia: Olga Poliakoff hab\u00eda muerto. Hace un par de &#8230; <\/p>\n<p class=\"read-more-container\"><a title=\"OLGA POLIAKOFF\" class=\"read-more button\" href=\"https:\/\/bambalina.es\/en\/amigos-amics\/olga-poliakoff#more-403\" aria-label=\"Read more about OLGA POLIAKOFF\">Read more<\/a><\/p>\n","protected":false},"author":2,"featured_media":0,"comment_status":"open","ping_status":"open","sticky":false,"template":"","format":"standard","meta":{"_acf_changed":false,"footnotes":""},"categories":[12],"tags":[],"class_list":["post-403","post","type-post","status-publish","format-standard","hentry","category-amigos-amics","infinite-scroll-item","generate-columns","tablet-grid-50","mobile-grid-100","grid-parent","grid-50"],"acf":[],"_links":{"self":[{"href":"https:\/\/bambalina.es\/en\/wp-json\/wp\/v2\/posts\/403","targetHints":{"allow":["GET"]}}],"collection":[{"href":"https:\/\/bambalina.es\/en\/wp-json\/wp\/v2\/posts"}],"about":[{"href":"https:\/\/bambalina.es\/en\/wp-json\/wp\/v2\/types\/post"}],"author":[{"embeddable":true,"href":"https:\/\/bambalina.es\/en\/wp-json\/wp\/v2\/users\/2"}],"replies":[{"embeddable":true,"href":"https:\/\/bambalina.es\/en\/wp-json\/wp\/v2\/comments?post=403"}],"version-history":[{"count":0,"href":"https:\/\/bambalina.es\/en\/wp-json\/wp\/v2\/posts\/403\/revisions"}],"wp:attachment":[{"href":"https:\/\/bambalina.es\/en\/wp-json\/wp\/v2\/media?parent=403"}],"wp:term":[{"taxonomy":"category","embeddable":true,"href":"https:\/\/bambalina.es\/en\/wp-json\/wp\/v2\/categories?post=403"},{"taxonomy":"post_tag","embeddable":true,"href":"https:\/\/bambalina.es\/en\/wp-json\/wp\/v2\/tags?post=403"}],"curies":[{"name":"wp","href":"https:\/\/api.w.org\/{rel}","templated":true}]}}