{"id":632,"date":"2009-05-24T22:39:01","date_gmt":"2009-05-24T20:39:01","guid":{"rendered":"http:\/\/www.bambalina.es\/blog\/?p=632"},"modified":"2016-06-28T16:29:22","modified_gmt":"2016-06-28T14:29:22","slug":"el-latido-del-platano","status":"publish","type":"post","link":"https:\/\/bambalina.es\/en\/amigos-amics\/el-latido-del-platano","title":{"rendered":"EL LATIDO DEL PL\u00c1TANO"},"content":{"rendered":"<p align=\"justify\">Ayer estuve viendo (en un local que hasta hace poco hab\u00eda servido para el entrenamiento de boxeadores y ahora lo ocupan un grupo de artistas pl\u00e1sticos), en la calle Sevilla, una performance promovida por David Finelli, core\u00f3grafo y bailar\u00edn que se ha instalado hace relativamente poco en Valencia e imparte clases en la escuela de Mar\u00eda Carbonell. Improvisaban cuatro bailarines a partir de la sonoridad y las sugerencias provenientes de la lectura de <em>Metaf\u00edsica de los tubos <\/em>de Amelie Nothomb.\u00a0 La lectura estuvo a cargo de una guap\u00edsima y sugestiva actriz francesa; Ana\u00efs Duperrein que resolvi\u00f3 la compleja labor con naturalidad y desenvoltura. El hecho de que yo estuviera all\u00ed, queridos compa\u00f1eros, no responde a ninguna confluencia indescifrable de los astros, se debi\u00f3, m\u00e1s bien, al hecho de que Juanjo (Si, juanjito el de la Britney) conocido art\u00edsticamente en los ambientes serios por Juanjos\u00e9 Ochoa, participaba de la susodicha creaci\u00f3n sentadito al piano, improvisando tal y como lo hacian los dem\u00e1s, es decir, intentando extraer del clavinova sustancia sonora que pudiera canalizar las distintas energ\u00edas y emociones que all\u00ed se iban activando con la progresiva intervenci\u00f3n de unos y otros. Este tipo de propuestas siempre me resultan fascinantes. El hecho de que un grupo de personas, bailarines, m\u00fasico y actriz, en este caso, se junten con el sencillo objetivo de provocar una experiencia nueva, tanto en los mismos int\u00e9rpretes como en el p\u00fablico, me parece el m\u00e1s noble de los propositos de este oficio nuestro. En realidad, as\u00ed nos pasamos la vida algunos, buscando esa experiencia maravillosa e inexplicable que de sentido a esa man\u00eda infundada de buscar y buscar\u00a0 para que una vez conquistada nos pueda acompa\u00f1ar siempre. (Esto \u00faltimo me ha quedado unpoco rimbombante y metafisicoso. Catxis en la mar! As\u00edn soy yo)<\/p>\n<p align=\"center\"><a href=\"https:\/\/bambalina.es\/\/wp-content\/uploads\/2009\/05\/img_4877.jpg\" title=\"img_4877.jpg\"><img loading=\"lazy\" decoding=\"async\" src=\"https:\/\/bambalina.es\/\/wp-content\/uploads\/2009\/05\/img_4877.jpg\" alt=\"img_4877.jpg\" height=\"349\" width=\"462\" \/><\/a><\/p>\n<p align=\"center\"><a href=\"https:\/\/bambalina.es\/\/wp-content\/uploads\/2009\/05\/img_4879.jpg\" title=\"img_4879.jpg\"><img loading=\"lazy\" decoding=\"async\" src=\"https:\/\/bambalina.es\/\/wp-content\/uploads\/2009\/05\/img_4879.jpg\" alt=\"img_4879.jpg\" height=\"347\" width=\"462\" \/><\/a><\/p>\n","protected":false},"excerpt":{"rendered":"<p>Ayer estuve viendo (en un local que hasta hace poco hab\u00eda servido para el entrenamiento de boxeadores y ahora lo &#8230; <\/p>\n<p class=\"read-more-container\"><a title=\"EL LATIDO DEL PL\u00c1TANO\" class=\"read-more button\" href=\"https:\/\/bambalina.es\/en\/amigos-amics\/el-latido-del-platano#more-632\" aria-label=\"Read more about EL LATIDO DEL PL\u00c1TANO\">Read more<\/a><\/p>\n","protected":false},"author":2,"featured_media":0,"comment_status":"open","ping_status":"open","sticky":false,"template":"","format":"standard","meta":{"_acf_changed":false,"footnotes":""},"categories":[12],"tags":[],"class_list":["post-632","post","type-post","status-publish","format-standard","hentry","category-amigos-amics","infinite-scroll-item","generate-columns","tablet-grid-50","mobile-grid-100","grid-parent","grid-50"],"acf":[],"_links":{"self":[{"href":"https:\/\/bambalina.es\/en\/wp-json\/wp\/v2\/posts\/632","targetHints":{"allow":["GET"]}}],"collection":[{"href":"https:\/\/bambalina.es\/en\/wp-json\/wp\/v2\/posts"}],"about":[{"href":"https:\/\/bambalina.es\/en\/wp-json\/wp\/v2\/types\/post"}],"author":[{"embeddable":true,"href":"https:\/\/bambalina.es\/en\/wp-json\/wp\/v2\/users\/2"}],"replies":[{"embeddable":true,"href":"https:\/\/bambalina.es\/en\/wp-json\/wp\/v2\/comments?post=632"}],"version-history":[{"count":0,"href":"https:\/\/bambalina.es\/en\/wp-json\/wp\/v2\/posts\/632\/revisions"}],"wp:attachment":[{"href":"https:\/\/bambalina.es\/en\/wp-json\/wp\/v2\/media?parent=632"}],"wp:term":[{"taxonomy":"category","embeddable":true,"href":"https:\/\/bambalina.es\/en\/wp-json\/wp\/v2\/categories?post=632"},{"taxonomy":"post_tag","embeddable":true,"href":"https:\/\/bambalina.es\/en\/wp-json\/wp\/v2\/tags?post=632"}],"curies":[{"name":"wp","href":"https:\/\/api.w.org\/{rel}","templated":true}]}}